{"id":6448,"date":"2023-01-17T21:06:19","date_gmt":"2023-01-17T20:06:19","guid":{"rendered":"https:\/\/agora.xtec.cat\/zer-pedrera\/?p=6448"},"modified":"2023-01-17T21:12:14","modified_gmt":"2023-01-17T20:12:14","slug":"ei-de-lescola-abat-ruera-activitats-musicals","status":"publish","type":"post","link":"https:\/\/agora.xtec.cat\/zer-pedrera\/general\/ei-de-lescola-abat-ruera-activitats-musicals\/","title":{"rendered":"EI de l&#8217;escola Abat Ruera. Activitats musicals"},"content":{"rendered":"<p>A l&#8217;hora de M\u00fasica els alumnes d&#8217;Educaci\u00f3 Infantil han fet activitats relacionades amb la iniciaci\u00f3 al comp\u00e0s musical i l&#8217;associaci\u00f3 r\u00edtmica. Tamb\u00e9 han jugat a una variaci\u00f3 del popular joc de les est\u00e0tues: quan s&#8217;aturava la m\u00fasica els alumnes s&#8217;havien de quedar imm\u00f2bils amb la forma d&#8217;algun animal. Despr\u00e9s havien de dir quin animal havien triat i imitaven el seu so.<br \/>\nPer veure m\u00e9s fotografies de les activitats clicar damunt de la imatge.<\/p>\n<p style=\"text-align: center;\"><a href=\"https:\/\/photos.app.goo.gl\/KXnt5WzHaPJdUa5x6\" target=\"_blank\" rel=\"noopener\"><img loading=\"lazy\" decoding=\"async\" class=\"alignnone size-full wp-image-6449\" src=\"https:\/\/agora.xtec.cat\/zer-pedrera\/wp-content\/uploads\/usu1473\/2023\/01\/1673983590336.jpg\" alt=\"\" width=\"682\" height=\"384\" srcset=\"https:\/\/agora.xtec.cat\/zer-pedrera\/wp-content\/uploads\/usu1473\/2023\/01\/1673983590336.jpg 682w, https:\/\/agora.xtec.cat\/zer-pedrera\/wp-content\/uploads\/usu1473\/2023\/01\/1673983590336-300x169.jpg 300w\" sizes=\"auto, (max-width: 682px) 100vw, 682px\" \/><\/a><\/p>\n","protected":false},"excerpt":{"rendered":"<p>A l&#8217;hora de M\u00fasica els alumnes d&#8217;Educaci\u00f3 Infantil han fet activitats relacionades amb la iniciaci\u00f3 al comp\u00e0s musical i l&#8217;associaci\u00f3 r\u00edtmica. Tamb\u00e9 han jugat a una variaci\u00f3 del popular joc de les est\u00e0tues: quan s&#8217;aturava la m\u00fasica els alumnes s&#8217;havien de quedar imm\u00f2bils amb la&hellip;  <a href=\"https:\/\/agora.xtec.cat\/zer-pedrera\/general\/ei-de-lescola-abat-ruera-activitats-musicals\/\" title=\"Read EI de l&#8217;escola Abat Ruera. Activitats musicals\">Llegeix m\u00e9s\u00bb<\/a><\/p>\n","protected":false},"author":1,"featured_media":6449,"comment_status":"open","ping_status":"closed","sticky":false,"template":"","format":"standard","meta":{"_bbp_topic_count":0,"_bbp_reply_count":0,"_bbp_total_topic_count":0,"_bbp_total_reply_count":0,"_bbp_voice_count":0,"_bbp_anonymous_reply_count":0,"_bbp_topic_count_hidden":0,"_bbp_reply_count_hidden":0,"_bbp_forum_subforum_count":0,"footnotes":""},"categories":[113,110,1,117,29],"tags":[],"class_list":["post-6448","post","type-post","status-publish","format-standard","has-post-thumbnail","hentry","category-e-infantil","category-escola-abat-ruera","category-general","category-musica","category-portada"],"post_mailing_queue_ids":[],"_links":{"self":[{"href":"https:\/\/agora.xtec.cat\/zer-pedrera\/wp-json\/wp\/v2\/posts\/6448","targetHints":{"allow":["GET"]}}],"collection":[{"href":"https:\/\/agora.xtec.cat\/zer-pedrera\/wp-json\/wp\/v2\/posts"}],"about":[{"href":"https:\/\/agora.xtec.cat\/zer-pedrera\/wp-json\/wp\/v2\/types\/post"}],"author":[{"embeddable":true,"href":"https:\/\/agora.xtec.cat\/zer-pedrera\/wp-json\/wp\/v2\/users\/1"}],"replies":[{"embeddable":true,"href":"https:\/\/agora.xtec.cat\/zer-pedrera\/wp-json\/wp\/v2\/comments?post=6448"}],"version-history":[{"count":3,"href":"https:\/\/agora.xtec.cat\/zer-pedrera\/wp-json\/wp\/v2\/posts\/6448\/revisions"}],"predecessor-version":[{"id":6452,"href":"https:\/\/agora.xtec.cat\/zer-pedrera\/wp-json\/wp\/v2\/posts\/6448\/revisions\/6452"}],"wp:featuredmedia":[{"embeddable":true,"href":"https:\/\/agora.xtec.cat\/zer-pedrera\/wp-json\/wp\/v2\/media\/6449"}],"wp:attachment":[{"href":"https:\/\/agora.xtec.cat\/zer-pedrera\/wp-json\/wp\/v2\/media?parent=6448"}],"wp:term":[{"taxonomy":"category","embeddable":true,"href":"https:\/\/agora.xtec.cat\/zer-pedrera\/wp-json\/wp\/v2\/categories?post=6448"},{"taxonomy":"post_tag","embeddable":true,"href":"https:\/\/agora.xtec.cat\/zer-pedrera\/wp-json\/wp\/v2\/tags?post=6448"}],"curies":[{"name":"wp","href":"https:\/\/api.w.org\/{rel}","templated":true}]}}