{"id":6418,"date":"2022-12-30T01:16:04","date_gmt":"2022-12-30T00:16:04","guid":{"rendered":"https:\/\/agora.xtec.cat\/zer-pedrera\/?p=6418"},"modified":"2022-12-30T01:16:04","modified_gmt":"2022-12-30T00:16:04","slug":"decorem-el-nadal-a-lescola-de-lespluga","status":"publish","type":"post","link":"https:\/\/agora.xtec.cat\/zer-pedrera\/general\/decorem-el-nadal-a-lescola-de-lespluga\/","title":{"rendered":"Decorem el Nadal a l&#8217;escola de l&#8217;Espluga"},"content":{"rendered":"<p>Els primers dies de desembre, quan encara no hem arribat al Nadal per\u00f2 per tots els racons del nostre entorn es respira l&#8217;esperit nadalenc amb les nadales sonant, les t\u00edpiques decoracions&#8230; l&#8217;escola tamb\u00e9 es contagia d&#8217;aquesta m\u00e0gia i es transforma durant uns dies. Ens encanta decorar l&#8217;escola, aix\u00ed que ens posem mans a l&#8217;obra per transformar petits raconets. La veritat \u00e9s que som uns artistes i quan es tracta de pintar, retallar, enganxar&#8230; mai falten mans. Aquest any a m\u00e9s a m\u00e9s les fam\u00edlies tamb\u00e9 han pogut col.laborar amb la creaci\u00f3 del nostre arbre de Nadal cooperatiu.<\/p>\n<p>Gr\u00e0cies a tots i totes per fer-ho m\u00e9s m\u00e0gic i divertit!<\/p>\n<p><a href=\"https:\/\/agora.xtec.cat\/zer-pedrera\/wp-content\/uploads\/usu1473\/2022\/12\/portada-decorem.jpg\"><img loading=\"lazy\" decoding=\"async\" class=\"wp-image-6419 aligncenter\" src=\"https:\/\/agora.xtec.cat\/zer-pedrera\/wp-content\/uploads\/usu1473\/2022\/12\/portada-decorem.jpg\" alt=\"\" width=\"475\" height=\"475\" srcset=\"https:\/\/agora.xtec.cat\/zer-pedrera\/wp-content\/uploads\/usu1473\/2022\/12\/portada-decorem.jpg 729w, https:\/\/agora.xtec.cat\/zer-pedrera\/wp-content\/uploads\/usu1473\/2022\/12\/portada-decorem-300x300.jpg 300w, https:\/\/agora.xtec.cat\/zer-pedrera\/wp-content\/uploads\/usu1473\/2022\/12\/portada-decorem-150x150.jpg 150w\" sizes=\"auto, (max-width: 475px) 100vw, 475px\" \/><\/a><\/p>\n<p>&nbsp;<\/p>\n","protected":false},"excerpt":{"rendered":"<p>Els primers dies de desembre, quan encara no hem arribat al Nadal per\u00f2 per tots els racons del nostre entorn es respira l&#8217;esperit nadalenc amb les nadales sonant, les t\u00edpiques decoracions&#8230; l&#8217;escola tamb\u00e9 es contagia d&#8217;aquesta m\u00e0gia i es transforma durant uns dies. Ens encanta&hellip;  <a href=\"https:\/\/agora.xtec.cat\/zer-pedrera\/general\/decorem-el-nadal-a-lescola-de-lespluga\/\" title=\"Read Decorem el Nadal a l&#8217;escola de l&#8217;Espluga\">Llegeix m\u00e9s\u00bb<\/a><\/p>\n","protected":false},"author":1,"featured_media":6419,"comment_status":"open","ping_status":"closed","sticky":false,"template":"","format":"standard","meta":{"_bbp_topic_count":0,"_bbp_reply_count":0,"_bbp_total_topic_count":0,"_bbp_total_reply_count":0,"_bbp_voice_count":0,"_bbp_anonymous_reply_count":0,"_bbp_topic_count_hidden":0,"_bbp_reply_count_hidden":0,"_bbp_forum_subforum_count":0,"footnotes":""},"categories":[113,111,1,119,29,89,122],"tags":[],"class_list":["post-6418","post","type-post","status-publish","format-standard","has-post-thumbnail","hentry","category-e-infantil","category-escola-porcel-de-cervera","category-general","category-plastica","category-portada","category-primaria","category-valors"],"post_mailing_queue_ids":[],"_links":{"self":[{"href":"https:\/\/agora.xtec.cat\/zer-pedrera\/wp-json\/wp\/v2\/posts\/6418","targetHints":{"allow":["GET"]}}],"collection":[{"href":"https:\/\/agora.xtec.cat\/zer-pedrera\/wp-json\/wp\/v2\/posts"}],"about":[{"href":"https:\/\/agora.xtec.cat\/zer-pedrera\/wp-json\/wp\/v2\/types\/post"}],"author":[{"embeddable":true,"href":"https:\/\/agora.xtec.cat\/zer-pedrera\/wp-json\/wp\/v2\/users\/1"}],"replies":[{"embeddable":true,"href":"https:\/\/agora.xtec.cat\/zer-pedrera\/wp-json\/wp\/v2\/comments?post=6418"}],"version-history":[{"count":1,"href":"https:\/\/agora.xtec.cat\/zer-pedrera\/wp-json\/wp\/v2\/posts\/6418\/revisions"}],"predecessor-version":[{"id":6420,"href":"https:\/\/agora.xtec.cat\/zer-pedrera\/wp-json\/wp\/v2\/posts\/6418\/revisions\/6420"}],"wp:featuredmedia":[{"embeddable":true,"href":"https:\/\/agora.xtec.cat\/zer-pedrera\/wp-json\/wp\/v2\/media\/6419"}],"wp:attachment":[{"href":"https:\/\/agora.xtec.cat\/zer-pedrera\/wp-json\/wp\/v2\/media?parent=6418"}],"wp:term":[{"taxonomy":"category","embeddable":true,"href":"https:\/\/agora.xtec.cat\/zer-pedrera\/wp-json\/wp\/v2\/categories?post=6418"},{"taxonomy":"post_tag","embeddable":true,"href":"https:\/\/agora.xtec.cat\/zer-pedrera\/wp-json\/wp\/v2\/tags?post=6418"}],"curies":[{"name":"wp","href":"https:\/\/api.w.org\/{rel}","templated":true}]}}