{"id":6394,"date":"2022-12-20T00:17:34","date_gmt":"2022-12-19T23:17:34","guid":{"rendered":"https:\/\/agora.xtec.cat\/zer-pedrera\/?p=6394"},"modified":"2022-12-20T00:17:34","modified_gmt":"2022-12-19T23:17:34","slug":"collage-de-nadal-ei-i-ci-escola-porcel-de-cervera","status":"publish","type":"post","link":"https:\/\/agora.xtec.cat\/zer-pedrera\/portada\/collage-de-nadal-ei-i-ci-escola-porcel-de-cervera\/","title":{"rendered":"Collage de Nadal. EI i CI escola Porcel de Cervera."},"content":{"rendered":"<p>Aquest divendres els nens i les nenes de la classe dels petits van fer un collage de Nadal utilitzant diferents materials. Primer van triar el color del foli on fer-lo, o blanc o negre, i despr\u00e9s cadasc\u00fa va fer la seva composici\u00f3. Va ser una activitat relaxant, i ens va anar molt b\u00e9 per oblidar per una estona els nervis que es tenen abans d&#8217;un festival de Nadal.<\/p>\n<p>Si en voleu veure les imatges cliqueu damunt de la foto.<\/p>\n<p>&nbsp;<\/p>\n<p style=\"text-align: center;\"><a href=\"https:\/\/photos.app.goo.gl\/hWPH5QD94dHzVGFG8\"><img loading=\"lazy\" decoding=\"async\" class=\"alignnone size-full wp-image-6396\" src=\"https:\/\/agora.xtec.cat\/zer-pedrera\/wp-content\/uploads\/usu1473\/2022\/12\/20221219_125728.jpg\" alt=\"\" width=\"600\" height=\"338\" srcset=\"https:\/\/agora.xtec.cat\/zer-pedrera\/wp-content\/uploads\/usu1473\/2022\/12\/20221219_125728.jpg 600w, https:\/\/agora.xtec.cat\/zer-pedrera\/wp-content\/uploads\/usu1473\/2022\/12\/20221219_125728-300x169.jpg 300w\" sizes=\"auto, (max-width: 600px) 100vw, 600px\" \/><\/a><\/p>\n","protected":false},"excerpt":{"rendered":"<p>Aquest divendres els nens i les nenes de la classe dels petits van fer un collage de Nadal utilitzant diferents materials. Primer van triar el color del foli on fer-lo, o blanc o negre, i despr\u00e9s cadasc\u00fa va fer la seva composici\u00f3. Va ser una&hellip;  <a href=\"https:\/\/agora.xtec.cat\/zer-pedrera\/portada\/collage-de-nadal-ei-i-ci-escola-porcel-de-cervera\/\" title=\"Read Collage de Nadal. EI i CI escola Porcel de Cervera.\">Llegeix m\u00e9s\u00bb<\/a><\/p>\n","protected":false},"author":1,"featured_media":6396,"comment_status":"open","ping_status":"closed","sticky":false,"template":"","format":"standard","meta":{"_bbp_topic_count":0,"_bbp_reply_count":0,"_bbp_total_topic_count":0,"_bbp_total_reply_count":0,"_bbp_voice_count":0,"_bbp_anonymous_reply_count":0,"_bbp_topic_count_hidden":0,"_bbp_reply_count_hidden":0,"_bbp_forum_subforum_count":0,"footnotes":""},"categories":[113,111,29,89],"tags":[],"class_list":["post-6394","post","type-post","status-publish","format-standard","has-post-thumbnail","hentry","category-e-infantil","category-escola-porcel-de-cervera","category-portada","category-primaria"],"post_mailing_queue_ids":[],"_links":{"self":[{"href":"https:\/\/agora.xtec.cat\/zer-pedrera\/wp-json\/wp\/v2\/posts\/6394","targetHints":{"allow":["GET"]}}],"collection":[{"href":"https:\/\/agora.xtec.cat\/zer-pedrera\/wp-json\/wp\/v2\/posts"}],"about":[{"href":"https:\/\/agora.xtec.cat\/zer-pedrera\/wp-json\/wp\/v2\/types\/post"}],"author":[{"embeddable":true,"href":"https:\/\/agora.xtec.cat\/zer-pedrera\/wp-json\/wp\/v2\/users\/1"}],"replies":[{"embeddable":true,"href":"https:\/\/agora.xtec.cat\/zer-pedrera\/wp-json\/wp\/v2\/comments?post=6394"}],"version-history":[{"count":2,"href":"https:\/\/agora.xtec.cat\/zer-pedrera\/wp-json\/wp\/v2\/posts\/6394\/revisions"}],"predecessor-version":[{"id":6398,"href":"https:\/\/agora.xtec.cat\/zer-pedrera\/wp-json\/wp\/v2\/posts\/6394\/revisions\/6398"}],"wp:featuredmedia":[{"embeddable":true,"href":"https:\/\/agora.xtec.cat\/zer-pedrera\/wp-json\/wp\/v2\/media\/6396"}],"wp:attachment":[{"href":"https:\/\/agora.xtec.cat\/zer-pedrera\/wp-json\/wp\/v2\/media?parent=6394"}],"wp:term":[{"taxonomy":"category","embeddable":true,"href":"https:\/\/agora.xtec.cat\/zer-pedrera\/wp-json\/wp\/v2\/categories?post=6394"},{"taxonomy":"post_tag","embeddable":true,"href":"https:\/\/agora.xtec.cat\/zer-pedrera\/wp-json\/wp\/v2\/tags?post=6394"}],"curies":[{"name":"wp","href":"https:\/\/api.w.org\/{rel}","templated":true}]}}