{"id":6391,"date":"2022-12-18T20:35:18","date_gmt":"2022-12-18T19:35:18","guid":{"rendered":"https:\/\/agora.xtec.cat\/zer-pedrera\/?p=6391"},"modified":"2022-12-18T20:35:18","modified_gmt":"2022-12-18T19:35:18","slug":"zer-pedrera-mas-blanch-i-jove","status":"publish","type":"post","link":"https:\/\/agora.xtec.cat\/zer-pedrera\/general\/zer-pedrera-mas-blanch-i-jove\/","title":{"rendered":"ZER Pedrera. Mas Blanch i Jov\u00e9"},"content":{"rendered":"<p>Com cada any la ZER Pedrera ha participat en el Concurs Mas Blanch I Jov\u00e9. Tot l&#8217;alumnat ha creat la seva pr\u00f2pia d&#8217;obra d&#8217;art. La tem\u00e0tica ha girat al voltant de l&#8217;arquitectura popular, els ceps, les oliveres, el bosc i el paisatge garriguenc.<br \/>\nTot el claustre de mestres volem felicitar el Juan S., de Cicle Inicial de l&#8217;escola Abat Ruera, per haver guanyat el segon premi de la seva categoria.<br \/>\nMoltes felicitats!<\/p>\n<p style=\"text-align: center;\"><a href=\"https:\/\/agora.xtec.cat\/zer-pedrera\/wp-content\/uploads\/usu1473\/2022\/12\/1671383711175.jpg\"><img loading=\"lazy\" decoding=\"async\" class=\"alignnone size-full wp-image-6392\" src=\"https:\/\/agora.xtec.cat\/zer-pedrera\/wp-content\/uploads\/usu1473\/2022\/12\/1671383711175.jpg\" alt=\"\" width=\"443\" height=\"591\" srcset=\"https:\/\/agora.xtec.cat\/zer-pedrera\/wp-content\/uploads\/usu1473\/2022\/12\/1671383711175.jpg 443w, https:\/\/agora.xtec.cat\/zer-pedrera\/wp-content\/uploads\/usu1473\/2022\/12\/1671383711175-225x300.jpg 225w\" sizes=\"auto, (max-width: 443px) 100vw, 443px\" \/><\/a><\/p>\n","protected":false},"excerpt":{"rendered":"<p>Com cada any la ZER Pedrera ha participat en el Concurs Mas Blanch I Jov\u00e9. Tot l&#8217;alumnat ha creat la seva pr\u00f2pia d&#8217;obra d&#8217;art. La tem\u00e0tica ha girat al voltant de l&#8217;arquitectura popular, els ceps, les oliveres, el bosc i el paisatge garriguenc.<br \/>\nTot el claustre&hellip;  <a href=\"https:\/\/agora.xtec.cat\/zer-pedrera\/general\/zer-pedrera-mas-blanch-i-jove\/\" title=\"Read ZER Pedrera. Mas Blanch i Jov\u00e9\">Llegeix m\u00e9s\u00bb<\/a><\/p>\n","protected":false},"author":1,"featured_media":6392,"comment_status":"open","ping_status":"closed","sticky":false,"template":"","format":"standard","meta":{"_bbp_topic_count":0,"_bbp_reply_count":0,"_bbp_total_topic_count":0,"_bbp_total_reply_count":0,"_bbp_voice_count":0,"_bbp_anonymous_reply_count":0,"_bbp_topic_count_hidden":0,"_bbp_reply_count_hidden":0,"_bbp_forum_subforum_count":0,"footnotes":""},"categories":[110,111,1,119,29,89],"tags":[],"class_list":["post-6391","post","type-post","status-publish","format-standard","has-post-thumbnail","hentry","category-escola-abat-ruera","category-escola-porcel-de-cervera","category-general","category-plastica","category-portada","category-primaria"],"post_mailing_queue_ids":[],"_links":{"self":[{"href":"https:\/\/agora.xtec.cat\/zer-pedrera\/wp-json\/wp\/v2\/posts\/6391","targetHints":{"allow":["GET"]}}],"collection":[{"href":"https:\/\/agora.xtec.cat\/zer-pedrera\/wp-json\/wp\/v2\/posts"}],"about":[{"href":"https:\/\/agora.xtec.cat\/zer-pedrera\/wp-json\/wp\/v2\/types\/post"}],"author":[{"embeddable":true,"href":"https:\/\/agora.xtec.cat\/zer-pedrera\/wp-json\/wp\/v2\/users\/1"}],"replies":[{"embeddable":true,"href":"https:\/\/agora.xtec.cat\/zer-pedrera\/wp-json\/wp\/v2\/comments?post=6391"}],"version-history":[{"count":1,"href":"https:\/\/agora.xtec.cat\/zer-pedrera\/wp-json\/wp\/v2\/posts\/6391\/revisions"}],"predecessor-version":[{"id":6393,"href":"https:\/\/agora.xtec.cat\/zer-pedrera\/wp-json\/wp\/v2\/posts\/6391\/revisions\/6393"}],"wp:featuredmedia":[{"embeddable":true,"href":"https:\/\/agora.xtec.cat\/zer-pedrera\/wp-json\/wp\/v2\/media\/6392"}],"wp:attachment":[{"href":"https:\/\/agora.xtec.cat\/zer-pedrera\/wp-json\/wp\/v2\/media?parent=6391"}],"wp:term":[{"taxonomy":"category","embeddable":true,"href":"https:\/\/agora.xtec.cat\/zer-pedrera\/wp-json\/wp\/v2\/categories?post=6391"},{"taxonomy":"post_tag","embeddable":true,"href":"https:\/\/agora.xtec.cat\/zer-pedrera\/wp-json\/wp\/v2\/tags?post=6391"}],"curies":[{"name":"wp","href":"https:\/\/api.w.org\/{rel}","templated":true}]}}