{"id":6378,"date":"2022-12-15T11:52:14","date_gmt":"2022-12-15T10:52:14","guid":{"rendered":"https:\/\/agora.xtec.cat\/zer-pedrera\/?p=6378"},"modified":"2022-12-15T11:52:14","modified_gmt":"2022-12-15T10:52:14","slug":"celebrem-el-nadal-a-lescola-abat-ruera-21-12-22","status":"publish","type":"post","link":"https:\/\/agora.xtec.cat\/zer-pedrera\/general\/celebrem-el-nadal-a-lescola-abat-ruera-21-12-22\/","title":{"rendered":"Celebrem el Nadal a l&#8217;escola Abat Ruera, 21-12-22"},"content":{"rendered":"<p>Benvolguts i benvolgudes,<\/p>\n<p>A l&#8217;escola Abat Ruera volem acabar el trimestre de la millor manera possible. B\u00e9 que s&#8217;ho mereixen els nens i les nenes que tant s&#8217;han esfor\u00e7at al llarg d&#8217;aquests gaireb\u00e9 quatre mesos!<\/p>\n<p>Per tant, l&#8217;escola Abat Ruera ha programat un seguit d&#8217;activitats que de ben segur satisfaran les expectatives de tota la mainada.<\/p>\n<p>Visita del Patge Reial, entrega de cartes per als Reis Mags de l&#8217;Orient, el ti\u00f3, esmorzar gentilesa de l&#8217;AFA Abat Ruera&#8230;<\/p>\n<p>Us ho perdreu?<\/p>\n<p><a href=\"https:\/\/agora.xtec.cat\/zer-pedrera\/wp-content\/uploads\/usu1473\/2022\/12\/ESCOLA-ABAT-RUERA.png\"><img loading=\"lazy\" decoding=\"async\" class=\"alignnone size-large wp-image-6379\" src=\"https:\/\/agora.xtec.cat\/zer-pedrera\/wp-content\/uploads\/usu1473\/2022\/12\/ESCOLA-ABAT-RUERA-724x1024.png\" alt=\"\" width=\"724\" height=\"1024\" srcset=\"https:\/\/agora.xtec.cat\/zer-pedrera\/wp-content\/uploads\/usu1473\/2022\/12\/ESCOLA-ABAT-RUERA-724x1024.png 724w, https:\/\/agora.xtec.cat\/zer-pedrera\/wp-content\/uploads\/usu1473\/2022\/12\/ESCOLA-ABAT-RUERA-212x300.png 212w, https:\/\/agora.xtec.cat\/zer-pedrera\/wp-content\/uploads\/usu1473\/2022\/12\/ESCOLA-ABAT-RUERA-768x1086.png 768w, https:\/\/agora.xtec.cat\/zer-pedrera\/wp-content\/uploads\/usu1473\/2022\/12\/ESCOLA-ABAT-RUERA-1086x1536.png 1086w, https:\/\/agora.xtec.cat\/zer-pedrera\/wp-content\/uploads\/usu1473\/2022\/12\/ESCOLA-ABAT-RUERA-1448x2048.png 1448w, https:\/\/agora.xtec.cat\/zer-pedrera\/wp-content\/uploads\/usu1473\/2022\/12\/ESCOLA-ABAT-RUERA.png 1587w\" sizes=\"auto, (max-width: 724px) 100vw, 724px\" \/><\/a><\/p>\n<p>&nbsp;<\/p>\n","protected":false},"excerpt":{"rendered":"<p>Benvolguts i benvolgudes,<br \/>\nA l&#8217;escola Abat Ruera volem acabar el trimestre de la millor manera possible. B\u00e9 que s&#8217;ho mereixen els nens i les nenes que tant s&#8217;han esfor\u00e7at al llarg d&#8217;aquests gaireb\u00e9 quatre mesos!<br \/>\nPer tant, l&#8217;escola Abat Ruera ha programat un seguit d&#8217;activitats que de&hellip;  <a href=\"https:\/\/agora.xtec.cat\/zer-pedrera\/general\/celebrem-el-nadal-a-lescola-abat-ruera-21-12-22\/\" title=\"Read Celebrem el Nadal a l&#8217;escola Abat Ruera, 21-12-22\">Llegeix m\u00e9s\u00bb<\/a><\/p>\n","protected":false},"author":1,"featured_media":6379,"comment_status":"open","ping_status":"closed","sticky":false,"template":"","format":"standard","meta":{"_bbp_topic_count":0,"_bbp_reply_count":0,"_bbp_total_topic_count":0,"_bbp_total_reply_count":0,"_bbp_voice_count":0,"_bbp_anonymous_reply_count":0,"_bbp_topic_count_hidden":0,"_bbp_reply_count_hidden":0,"_bbp_forum_subforum_count":0,"footnotes":""},"categories":[113,110,1,29,89],"tags":[],"class_list":["post-6378","post","type-post","status-publish","format-standard","has-post-thumbnail","hentry","category-e-infantil","category-escola-abat-ruera","category-general","category-portada","category-primaria"],"post_mailing_queue_ids":[],"_links":{"self":[{"href":"https:\/\/agora.xtec.cat\/zer-pedrera\/wp-json\/wp\/v2\/posts\/6378","targetHints":{"allow":["GET"]}}],"collection":[{"href":"https:\/\/agora.xtec.cat\/zer-pedrera\/wp-json\/wp\/v2\/posts"}],"about":[{"href":"https:\/\/agora.xtec.cat\/zer-pedrera\/wp-json\/wp\/v2\/types\/post"}],"author":[{"embeddable":true,"href":"https:\/\/agora.xtec.cat\/zer-pedrera\/wp-json\/wp\/v2\/users\/1"}],"replies":[{"embeddable":true,"href":"https:\/\/agora.xtec.cat\/zer-pedrera\/wp-json\/wp\/v2\/comments?post=6378"}],"version-history":[{"count":1,"href":"https:\/\/agora.xtec.cat\/zer-pedrera\/wp-json\/wp\/v2\/posts\/6378\/revisions"}],"predecessor-version":[{"id":6380,"href":"https:\/\/agora.xtec.cat\/zer-pedrera\/wp-json\/wp\/v2\/posts\/6378\/revisions\/6380"}],"wp:featuredmedia":[{"embeddable":true,"href":"https:\/\/agora.xtec.cat\/zer-pedrera\/wp-json\/wp\/v2\/media\/6379"}],"wp:attachment":[{"href":"https:\/\/agora.xtec.cat\/zer-pedrera\/wp-json\/wp\/v2\/media?parent=6378"}],"wp:term":[{"taxonomy":"category","embeddable":true,"href":"https:\/\/agora.xtec.cat\/zer-pedrera\/wp-json\/wp\/v2\/categories?post=6378"},{"taxonomy":"post_tag","embeddable":true,"href":"https:\/\/agora.xtec.cat\/zer-pedrera\/wp-json\/wp\/v2\/tags?post=6378"}],"curies":[{"name":"wp","href":"https:\/\/api.w.org\/{rel}","templated":true}]}}