{"id":6364,"date":"2022-12-14T22:10:51","date_gmt":"2022-12-14T21:10:51","guid":{"rendered":"https:\/\/agora.xtec.cat\/zer-pedrera\/?p=6364"},"modified":"2022-12-14T22:10:51","modified_gmt":"2022-12-14T21:10:51","slug":"escola-abat-ruera-decorem-lescola","status":"publish","type":"post","link":"https:\/\/agora.xtec.cat\/zer-pedrera\/general\/escola-abat-ruera-decorem-lescola\/","title":{"rendered":"Escola Abat Ruera. Decorem l&#8217;escola"},"content":{"rendered":"<p>Aquesta setmana els alumnes d&#8217;Educaci\u00f3 Infantil amb l&#8217;ajuda de l&#8217;alumnat de Cicle Inicial han decorat l&#8217;escola. S&#8217;ho han passat d&#8217;all\u00f2 m\u00e9s b\u00e9 ficant boles de Nadal a l&#8217;arbre, estrelles a les parets, garlanda a les finestres&#8230;<br \/>\nClicar <a href=\"https:\/\/photos.app.goo.gl\/sUbRnt4BL6YMHEn29\" target=\"_blank\" rel=\"noopener\">AQU\u00cd<\/a> per veure imatges.<\/p>\n<p style=\"text-align: center;\"><a href=\"https:\/\/agora.xtec.cat\/zer-pedrera\/wp-content\/uploads\/usu1473\/2022\/12\/Arbre-de-Nadal-un-avet-decorat_5072ef069e6e0-thumb.png\"><img loading=\"lazy\" decoding=\"async\" class=\"alignnone size-full wp-image-6365\" src=\"https:\/\/agora.xtec.cat\/zer-pedrera\/wp-content\/uploads\/usu1473\/2022\/12\/Arbre-de-Nadal-un-avet-decorat_5072ef069e6e0-thumb.png\" alt=\"\" width=\"202\" height=\"250\" \/><\/a><\/p>\n","protected":false},"excerpt":{"rendered":"<p>Aquesta setmana els alumnes d&#8217;Educaci\u00f3 Infantil amb l&#8217;ajuda de l&#8217;alumnat de Cicle Inicial han decorat l&#8217;escola. S&#8217;ho han passat d&#8217;all\u00f2 m\u00e9s b\u00e9 ficant boles de Nadal a l&#8217;arbre, estrelles a les parets, garlanda a les finestres&#8230;<br \/>\nClicar <a href=\"https:\/\/photos.app.goo.gl\/sUbRnt4BL6YMHEn29\" target=\"_blank\" rel=\"noopener\">AQU\u00cd<\/a> per veure imatges.<br \/>\n<a href=\"https:\/\/agora.xtec.cat\/zer-pedrera\/wp-content\/uploads\/usu1473\/2022\/12\/Arbre-de-Nadal-un-avet-decorat_5072ef069e6e0-thumb.png\"><\/a><\/p>\n","protected":false},"author":1,"featured_media":6365,"comment_status":"open","ping_status":"closed","sticky":false,"template":"","format":"standard","meta":{"_bbp_topic_count":0,"_bbp_reply_count":0,"_bbp_total_topic_count":0,"_bbp_total_reply_count":0,"_bbp_voice_count":0,"_bbp_anonymous_reply_count":0,"_bbp_topic_count_hidden":0,"_bbp_reply_count_hidden":0,"_bbp_forum_subforum_count":0,"footnotes":""},"categories":[113,110,1,119,29,89,120],"tags":[],"class_list":["post-6364","post","type-post","status-publish","format-standard","has-post-thumbnail","hentry","category-e-infantil","category-escola-abat-ruera","category-general","category-plastica","category-portada","category-primaria","category-projectes"],"post_mailing_queue_ids":[],"_links":{"self":[{"href":"https:\/\/agora.xtec.cat\/zer-pedrera\/wp-json\/wp\/v2\/posts\/6364","targetHints":{"allow":["GET"]}}],"collection":[{"href":"https:\/\/agora.xtec.cat\/zer-pedrera\/wp-json\/wp\/v2\/posts"}],"about":[{"href":"https:\/\/agora.xtec.cat\/zer-pedrera\/wp-json\/wp\/v2\/types\/post"}],"author":[{"embeddable":true,"href":"https:\/\/agora.xtec.cat\/zer-pedrera\/wp-json\/wp\/v2\/users\/1"}],"replies":[{"embeddable":true,"href":"https:\/\/agora.xtec.cat\/zer-pedrera\/wp-json\/wp\/v2\/comments?post=6364"}],"version-history":[{"count":1,"href":"https:\/\/agora.xtec.cat\/zer-pedrera\/wp-json\/wp\/v2\/posts\/6364\/revisions"}],"predecessor-version":[{"id":6366,"href":"https:\/\/agora.xtec.cat\/zer-pedrera\/wp-json\/wp\/v2\/posts\/6364\/revisions\/6366"}],"wp:featuredmedia":[{"embeddable":true,"href":"https:\/\/agora.xtec.cat\/zer-pedrera\/wp-json\/wp\/v2\/media\/6365"}],"wp:attachment":[{"href":"https:\/\/agora.xtec.cat\/zer-pedrera\/wp-json\/wp\/v2\/media?parent=6364"}],"wp:term":[{"taxonomy":"category","embeddable":true,"href":"https:\/\/agora.xtec.cat\/zer-pedrera\/wp-json\/wp\/v2\/categories?post=6364"},{"taxonomy":"post_tag","embeddable":true,"href":"https:\/\/agora.xtec.cat\/zer-pedrera\/wp-json\/wp\/v2\/tags?post=6364"}],"curies":[{"name":"wp","href":"https:\/\/api.w.org\/{rel}","templated":true}]}}