{"id":6360,"date":"2022-12-14T23:22:04","date_gmt":"2022-12-14T22:22:04","guid":{"rendered":"https:\/\/agora.xtec.cat\/zer-pedrera\/?p=6360"},"modified":"2022-12-14T23:22:04","modified_gmt":"2022-12-14T22:22:04","slug":"fem-el-pessebre-escola-porcel-de-cervera","status":"publish","type":"post","link":"https:\/\/agora.xtec.cat\/zer-pedrera\/general\/fem-el-pessebre-escola-porcel-de-cervera\/","title":{"rendered":"FEM EL PESSEBRE. ESCOLA PORCEL DE CERVERA"},"content":{"rendered":"<p>Un altre any torna la il\u00b7lusi\u00f3 de fer el pessebre. El proc\u00e9s no ha estat f\u00e0cil, sobretot alhora de dissenyar-lo, &#8230;.que si el pont, que si m&#8217;agrada m\u00e9s el tronc, aix\u00f2 no queda b\u00e9, a mi m&#8217;agrada m\u00e9s aix\u00ed, votem, &#8230;.De tot s&#8217;apr\u00e8n, l&#8217;important \u00e9s gaudir de l&#8217;estona i recordar que l&#8217;hem fet entre tots.<\/p>\n<p>Si en voleu veure les imatges cliqueu a la foto.<\/p>\n<p><a href=\"https:\/\/photos.app.goo.gl\/wX8iJAiEUyEpeVvc9\"><br \/>\n<img loading=\"lazy\" decoding=\"async\" class=\"wp-image-6361 aligncenter\" src=\"https:\/\/agora.xtec.cat\/zer-pedrera\/wp-content\/uploads\/usu1473\/2022\/12\/20221214_123336-1024x726.jpg\" alt=\"\" width=\"408\" height=\"289\" srcset=\"https:\/\/agora.xtec.cat\/zer-pedrera\/wp-content\/uploads\/usu1473\/2022\/12\/20221214_123336-1024x726.jpg 1024w, https:\/\/agora.xtec.cat\/zer-pedrera\/wp-content\/uploads\/usu1473\/2022\/12\/20221214_123336-300x213.jpg 300w, https:\/\/agora.xtec.cat\/zer-pedrera\/wp-content\/uploads\/usu1473\/2022\/12\/20221214_123336-768x544.jpg 768w, https:\/\/agora.xtec.cat\/zer-pedrera\/wp-content\/uploads\/usu1473\/2022\/12\/20221214_123336-1536x1088.jpg 1536w, https:\/\/agora.xtec.cat\/zer-pedrera\/wp-content\/uploads\/usu1473\/2022\/12\/20221214_123336-2048x1451.jpg 2048w\" sizes=\"auto, (max-width: 408px) 100vw, 408px\" \/><\/a><\/p>\n","protected":false},"excerpt":{"rendered":"<p>Un altre any torna la il\u00b7lusi\u00f3 de fer el pessebre. El proc\u00e9s no ha estat f\u00e0cil, sobretot alhora de dissenyar-lo, &#8230;.que si el pont, que si m&#8217;agrada m\u00e9s el tronc, aix\u00f2 no queda b\u00e9, a mi m&#8217;agrada m\u00e9s aix\u00ed, votem, &#8230;.De tot s&#8217;apr\u00e8n, l&#8217;important \u00e9s&hellip;  <a href=\"https:\/\/agora.xtec.cat\/zer-pedrera\/general\/fem-el-pessebre-escola-porcel-de-cervera\/\" title=\"Read FEM EL PESSEBRE. ESCOLA PORCEL DE CERVERA\">Llegeix m\u00e9s\u00bb<\/a><\/p>\n","protected":false},"author":1,"featured_media":6361,"comment_status":"open","ping_status":"closed","sticky":false,"template":"","format":"standard","meta":{"_bbp_topic_count":0,"_bbp_reply_count":0,"_bbp_total_topic_count":0,"_bbp_total_reply_count":0,"_bbp_voice_count":0,"_bbp_anonymous_reply_count":0,"_bbp_topic_count_hidden":0,"_bbp_reply_count_hidden":0,"_bbp_forum_subforum_count":0,"footnotes":""},"categories":[113,111,1,29,89,121],"tags":[187,193,183,176],"class_list":["post-6360","post","type-post","status-publish","format-standard","has-post-thumbnail","hentry","category-e-infantil","category-escola-porcel-de-cervera","category-general","category-portada","category-primaria","category-religio","tag-educacio-infantil","tag-pessebre","tag-primaria","tag-religio"],"post_mailing_queue_ids":[],"_links":{"self":[{"href":"https:\/\/agora.xtec.cat\/zer-pedrera\/wp-json\/wp\/v2\/posts\/6360","targetHints":{"allow":["GET"]}}],"collection":[{"href":"https:\/\/agora.xtec.cat\/zer-pedrera\/wp-json\/wp\/v2\/posts"}],"about":[{"href":"https:\/\/agora.xtec.cat\/zer-pedrera\/wp-json\/wp\/v2\/types\/post"}],"author":[{"embeddable":true,"href":"https:\/\/agora.xtec.cat\/zer-pedrera\/wp-json\/wp\/v2\/users\/1"}],"replies":[{"embeddable":true,"href":"https:\/\/agora.xtec.cat\/zer-pedrera\/wp-json\/wp\/v2\/comments?post=6360"}],"version-history":[{"count":3,"href":"https:\/\/agora.xtec.cat\/zer-pedrera\/wp-json\/wp\/v2\/posts\/6360\/revisions"}],"predecessor-version":[{"id":6370,"href":"https:\/\/agora.xtec.cat\/zer-pedrera\/wp-json\/wp\/v2\/posts\/6360\/revisions\/6370"}],"wp:featuredmedia":[{"embeddable":true,"href":"https:\/\/agora.xtec.cat\/zer-pedrera\/wp-json\/wp\/v2\/media\/6361"}],"wp:attachment":[{"href":"https:\/\/agora.xtec.cat\/zer-pedrera\/wp-json\/wp\/v2\/media?parent=6360"}],"wp:term":[{"taxonomy":"category","embeddable":true,"href":"https:\/\/agora.xtec.cat\/zer-pedrera\/wp-json\/wp\/v2\/categories?post=6360"},{"taxonomy":"post_tag","embeddable":true,"href":"https:\/\/agora.xtec.cat\/zer-pedrera\/wp-json\/wp\/v2\/tags?post=6360"}],"curies":[{"name":"wp","href":"https:\/\/api.w.org\/{rel}","templated":true}]}}