{"id":6357,"date":"2022-12-14T23:24:19","date_gmt":"2022-12-14T22:24:19","guid":{"rendered":"https:\/\/agora.xtec.cat\/zer-pedrera\/?p=6357"},"modified":"2022-12-14T23:24:19","modified_gmt":"2022-12-14T22:24:19","slug":"mirem-toquem-juguem-dibuixem-e-i-c-i-i-c-m-porcel-de-cervera","status":"publish","type":"post","link":"https:\/\/agora.xtec.cat\/zer-pedrera\/general\/mirem-toquem-juguem-dibuixem-e-i-c-i-i-c-m-porcel-de-cervera\/","title":{"rendered":"MIREM, TOQUEM, JUGUEM, DIBUIXEM,&#8230;.E.I, C.I i C.M  PORCEL DE CERVERA"},"content":{"rendered":"<p>Qu\u00e8 b\u00e9 s&#8217;ho han passat jugant amb les figures del pessebre que han vist la llum despr\u00e9s d&#8217;un any guardades dins les capses. Veure com les miraven amb aquell somriure a la cara, com les tocaven, com hi jugaven i tamb\u00e9 molt important, escoltant tot el que deien i comentaven entre ells, ha sigut molt divertit. Despr\u00e9s les han dibuixat.<\/p>\n<p>Cliqueu damunt la imatge per veure-ho.<a href=\"https:\/\/photos.app.goo.gl\/YKNuw6gLVdaapSS27\"><img loading=\"lazy\" decoding=\"async\" class=\"wp-image-6358 aligncenter\" src=\"https:\/\/agora.xtec.cat\/zer-pedrera\/wp-content\/uploads\/usu1473\/2022\/12\/20221207_114303-1024x768.jpg\" alt=\"\" width=\"366\" height=\"275\" srcset=\"https:\/\/agora.xtec.cat\/zer-pedrera\/wp-content\/uploads\/usu1473\/2022\/12\/20221207_114303-1024x768.jpg 1024w, https:\/\/agora.xtec.cat\/zer-pedrera\/wp-content\/uploads\/usu1473\/2022\/12\/20221207_114303-300x225.jpg 300w, https:\/\/agora.xtec.cat\/zer-pedrera\/wp-content\/uploads\/usu1473\/2022\/12\/20221207_114303-768x576.jpg 768w, https:\/\/agora.xtec.cat\/zer-pedrera\/wp-content\/uploads\/usu1473\/2022\/12\/20221207_114303-1536x1152.jpg 1536w, https:\/\/agora.xtec.cat\/zer-pedrera\/wp-content\/uploads\/usu1473\/2022\/12\/20221207_114303-2048x1536.jpg 2048w, https:\/\/agora.xtec.cat\/zer-pedrera\/wp-content\/uploads\/usu1473\/2022\/12\/20221207_114303-200x150.jpg 200w\" sizes=\"auto, (max-width: 366px) 100vw, 366px\" \/><\/a><\/p>\n","protected":false},"excerpt":{"rendered":"<p>Qu\u00e8 b\u00e9 s&#8217;ho han passat jugant amb les figures del pessebre que han vist la llum despr\u00e9s d&#8217;un any guardades dins les capses. Veure com les miraven amb aquell somriure a la cara, com les tocaven, com hi jugaven i tamb\u00e9 molt important, escoltant tot&hellip;  <a href=\"https:\/\/agora.xtec.cat\/zer-pedrera\/general\/mirem-toquem-juguem-dibuixem-e-i-c-i-i-c-m-porcel-de-cervera\/\" title=\"Read MIREM, TOQUEM, JUGUEM, DIBUIXEM,&#8230;.E.I, C.I i C.M  PORCEL DE CERVERA\">Llegeix m\u00e9s\u00bb<\/a><\/p>\n","protected":false},"author":1,"featured_media":6358,"comment_status":"open","ping_status":"closed","sticky":false,"template":"","format":"standard","meta":{"_bbp_topic_count":0,"_bbp_reply_count":0,"_bbp_total_topic_count":0,"_bbp_total_reply_count":0,"_bbp_voice_count":0,"_bbp_anonymous_reply_count":0,"_bbp_topic_count_hidden":0,"_bbp_reply_count_hidden":0,"_bbp_forum_subforum_count":0,"footnotes":""},"categories":[113,111,1,29,89,121],"tags":[178,127,187,207,193],"class_list":["post-6357","post","type-post","status-publish","format-standard","has-post-thumbnail","hentry","category-e-infantil","category-escola-porcel-de-cervera","category-general","category-portada","category-primaria","category-religio","tag-cicle-inicial","tag-cicle-mitja","tag-educacio-infantil","tag-figures","tag-pessebre"],"post_mailing_queue_ids":[],"_links":{"self":[{"href":"https:\/\/agora.xtec.cat\/zer-pedrera\/wp-json\/wp\/v2\/posts\/6357","targetHints":{"allow":["GET"]}}],"collection":[{"href":"https:\/\/agora.xtec.cat\/zer-pedrera\/wp-json\/wp\/v2\/posts"}],"about":[{"href":"https:\/\/agora.xtec.cat\/zer-pedrera\/wp-json\/wp\/v2\/types\/post"}],"author":[{"embeddable":true,"href":"https:\/\/agora.xtec.cat\/zer-pedrera\/wp-json\/wp\/v2\/users\/1"}],"replies":[{"embeddable":true,"href":"https:\/\/agora.xtec.cat\/zer-pedrera\/wp-json\/wp\/v2\/comments?post=6357"}],"version-history":[{"count":2,"href":"https:\/\/agora.xtec.cat\/zer-pedrera\/wp-json\/wp\/v2\/posts\/6357\/revisions"}],"predecessor-version":[{"id":6371,"href":"https:\/\/agora.xtec.cat\/zer-pedrera\/wp-json\/wp\/v2\/posts\/6357\/revisions\/6371"}],"wp:featuredmedia":[{"embeddable":true,"href":"https:\/\/agora.xtec.cat\/zer-pedrera\/wp-json\/wp\/v2\/media\/6358"}],"wp:attachment":[{"href":"https:\/\/agora.xtec.cat\/zer-pedrera\/wp-json\/wp\/v2\/media?parent=6357"}],"wp:term":[{"taxonomy":"category","embeddable":true,"href":"https:\/\/agora.xtec.cat\/zer-pedrera\/wp-json\/wp\/v2\/categories?post=6357"},{"taxonomy":"post_tag","embeddable":true,"href":"https:\/\/agora.xtec.cat\/zer-pedrera\/wp-json\/wp\/v2\/tags?post=6357"}],"curies":[{"name":"wp","href":"https:\/\/api.w.org\/{rel}","templated":true}]}}