{"id":6354,"date":"2022-12-13T22:49:27","date_gmt":"2022-12-13T21:49:27","guid":{"rendered":"https:\/\/agora.xtec.cat\/zer-pedrera\/?p=6354"},"modified":"2022-12-13T22:49:27","modified_gmt":"2022-12-13T21:49:27","slug":"zer-pedrera-save-the-children","status":"publish","type":"post","link":"https:\/\/agora.xtec.cat\/zer-pedrera\/general\/zer-pedrera-save-the-children\/","title":{"rendered":"ZER Pedrera. Save the Children"},"content":{"rendered":"<p>Aquest any tamb\u00e9 hem volgut participar amb l&#8217;ONG Save the Children fent l&#8217;activitat &#8220;Kil\u00f2metres de Solidaritat&#8221;. \u00c9s m\u00e9s que una cursa escolar. \u00c9s una activitat esportiva solid\u00e0ria i divertida per l&#8217;alumnat, on l&#8217;objectiu principal \u00e9s sensibilitzar la comunitat educativa de la import\u00e0ncia que els drets de la inf\u00e0ncia es compleixin a tot arreu. A m\u00e9s els alumnes aprenen sobre una realitat diferent i se sensibilitzen a trav\u00e9s de les xerrades que hem realitzat dins de l&#8217;aula.<\/p>\n<p>Des de la ZER us volem donar les gr\u00e0cies per la vostra col\u00b7laboraci\u00f3. S&#8217;ha recollit <strong>156<\/strong>\u00a0euros que aniran a l&#8217;ONG Save the Children.<\/p>\n<p style=\"text-align: center;\"><a href=\"https:\/\/agora.xtec.cat\/zer-pedrera\/wp-content\/uploads\/usu1473\/2022\/12\/1669395919749.jpg\"><img loading=\"lazy\" decoding=\"async\" class=\"alignnone size-full wp-image-6355\" src=\"https:\/\/agora.xtec.cat\/zer-pedrera\/wp-content\/uploads\/usu1473\/2022\/12\/1669395919749.jpg\" alt=\"\" width=\"418\" height=\"548\" srcset=\"https:\/\/agora.xtec.cat\/zer-pedrera\/wp-content\/uploads\/usu1473\/2022\/12\/1669395919749.jpg 418w, https:\/\/agora.xtec.cat\/zer-pedrera\/wp-content\/uploads\/usu1473\/2022\/12\/1669395919749-229x300.jpg 229w\" sizes=\"auto, (max-width: 418px) 100vw, 418px\" \/><\/a><\/p>\n<p>&nbsp;<\/p>\n<p>Per veure fotografies de l&#8217;escola Abat Ruera clicar <a href=\"https:\/\/photos.app.goo.gl\/4om24uubzfpGioxa7\" target=\"_blank\" rel=\"noopener\">AQU\u00cd<\/a>.<\/p>\n<p>Per veure fotografies de l&#8217;escola Porcel de Cervera clicar <a href=\"https:\/\/photos.app.goo.gl\/Vc9qAq71L5Uvy4ni8\" target=\"_blank\" rel=\"noopener\">AQU\u00cd.<\/a><\/p>\n","protected":false},"excerpt":{"rendered":"<p>Aquest any tamb\u00e9 hem volgut participar amb l&#8217;ONG Save the Children fent l&#8217;activitat &#8220;Kil\u00f2metres de Solidaritat&#8221;. \u00c9s m\u00e9s que una cursa escolar. \u00c9s una activitat esportiva solid\u00e0ria i divertida per l&#8217;alumnat, on l&#8217;objectiu principal \u00e9s sensibilitzar la comunitat educativa de la import\u00e0ncia que els drets&hellip;  <a href=\"https:\/\/agora.xtec.cat\/zer-pedrera\/general\/zer-pedrera-save-the-children\/\" title=\"Read ZER Pedrera. Save the Children\">Llegeix m\u00e9s\u00bb<\/a><\/p>\n","protected":false},"author":1,"featured_media":6355,"comment_status":"open","ping_status":"closed","sticky":false,"template":"","format":"standard","meta":{"_bbp_topic_count":0,"_bbp_reply_count":0,"_bbp_total_topic_count":0,"_bbp_total_reply_count":0,"_bbp_voice_count":0,"_bbp_anonymous_reply_count":0,"_bbp_topic_count_hidden":0,"_bbp_reply_count_hidden":0,"_bbp_forum_subforum_count":0,"footnotes":""},"categories":[113,145,110,111,1,29,89],"tags":[],"class_list":["post-6354","post","type-post","status-publish","format-standard","has-post-thumbnail","hentry","category-e-infantil","category-educacio-en-valors","category-escola-abat-ruera","category-escola-porcel-de-cervera","category-general","category-portada","category-primaria"],"post_mailing_queue_ids":[],"_links":{"self":[{"href":"https:\/\/agora.xtec.cat\/zer-pedrera\/wp-json\/wp\/v2\/posts\/6354","targetHints":{"allow":["GET"]}}],"collection":[{"href":"https:\/\/agora.xtec.cat\/zer-pedrera\/wp-json\/wp\/v2\/posts"}],"about":[{"href":"https:\/\/agora.xtec.cat\/zer-pedrera\/wp-json\/wp\/v2\/types\/post"}],"author":[{"embeddable":true,"href":"https:\/\/agora.xtec.cat\/zer-pedrera\/wp-json\/wp\/v2\/users\/1"}],"replies":[{"embeddable":true,"href":"https:\/\/agora.xtec.cat\/zer-pedrera\/wp-json\/wp\/v2\/comments?post=6354"}],"version-history":[{"count":1,"href":"https:\/\/agora.xtec.cat\/zer-pedrera\/wp-json\/wp\/v2\/posts\/6354\/revisions"}],"predecessor-version":[{"id":6356,"href":"https:\/\/agora.xtec.cat\/zer-pedrera\/wp-json\/wp\/v2\/posts\/6354\/revisions\/6356"}],"wp:featuredmedia":[{"embeddable":true,"href":"https:\/\/agora.xtec.cat\/zer-pedrera\/wp-json\/wp\/v2\/media\/6355"}],"wp:attachment":[{"href":"https:\/\/agora.xtec.cat\/zer-pedrera\/wp-json\/wp\/v2\/media?parent=6354"}],"wp:term":[{"taxonomy":"category","embeddable":true,"href":"https:\/\/agora.xtec.cat\/zer-pedrera\/wp-json\/wp\/v2\/categories?post=6354"},{"taxonomy":"post_tag","embeddable":true,"href":"https:\/\/agora.xtec.cat\/zer-pedrera\/wp-json\/wp\/v2\/tags?post=6354"}],"curies":[{"name":"wp","href":"https:\/\/api.w.org\/{rel}","templated":true}]}}