{"id":6331,"date":"2022-12-08T08:47:17","date_gmt":"2022-12-08T07:47:17","guid":{"rendered":"https:\/\/agora.xtec.cat\/zer-pedrera\/?p=6331"},"modified":"2022-12-08T09:38:48","modified_gmt":"2022-12-08T08:38:48","slug":"representacio-nadalenca-2022porcel-de-cervera","status":"publish","type":"post","link":"https:\/\/agora.xtec.cat\/zer-pedrera\/general\/representacio-nadalenca-2022porcel-de-cervera\/","title":{"rendered":"REPRESENTACI\u00d3 NADALENCA 2022(Porcel de Cervera)"},"content":{"rendered":"<p>Hola fam\u00edlies,<\/p>\n<p>Com ja vegeu, s&#8217; acosta el Nadal.<\/p>\n<p>Aquest any, els i les alumnes i professors i professores\u00a0 estan\u00a0 especialment contents i contentes per poder fer-vos una petita <em>representaci\u00f3 nadalenca<\/em> amb un seguit de <em>can\u00e7ons,poemes i felicitacions;<\/em>una tradici\u00f3 escolar que realitz\u00e0vem i festej\u00e0vem abans d&#8217; aquest dos anys de pand\u00e8mia i que sortosament hem pogut recuperar.<\/p>\n<p>Aix\u00ed doncs, aqu\u00ed teniu el cartell anunciant-ho; cartell elaborat per <em>les alumnes de Cicle<\/em><\/p>\n<p><em>Superior de l&#8217; escola de l&#8217; Espluga Calba.<\/em><\/p>\n<p>Feu un clic a l &#8216;enlla\u00e7 <a href=\"https:\/\/photos.app.goo.gl\/48ZzrfoyUcPkk7Mu5\">https:\/\/photos.app.goo.gl\/48ZzrfoyUcPkk7Mu5<\/a><\/p>\n<p>&nbsp;<\/p>\n<p>&nbsp;<\/p>\n<p>&nbsp;<\/p>\n<p>&nbsp;<\/p>\n<p>&nbsp;<\/p>\n<p>&nbsp;<\/p>\n","protected":false},"excerpt":{"rendered":"<p>Hola fam\u00edlies,<br \/>\nCom ja vegeu, s&#8217; acosta el Nadal.<br \/>\nAquest any, els i les alumnes i professors i professores\u00a0 estan\u00a0 especialment contents i contentes per poder fer-vos una petita representaci\u00f3 nadalenca amb un seguit de can\u00e7ons,poemes i felicitacions;una tradici\u00f3 escolar que realitz\u00e0vem i festej\u00e0vem abans d&#8217; aquest&hellip;  <a href=\"https:\/\/agora.xtec.cat\/zer-pedrera\/general\/representacio-nadalenca-2022porcel-de-cervera\/\" title=\"Read REPRESENTACI\u00d3 NADALENCA 2022(Porcel de Cervera)\">Llegeix m\u00e9s\u00bb<\/a><\/p>\n","protected":false},"author":1,"featured_media":6348,"comment_status":"open","ping_status":"closed","sticky":false,"template":"","format":"standard","meta":{"_bbp_topic_count":0,"_bbp_reply_count":0,"_bbp_total_topic_count":0,"_bbp_total_reply_count":0,"_bbp_voice_count":0,"_bbp_anonymous_reply_count":0,"_bbp_topic_count_hidden":0,"_bbp_reply_count_hidden":0,"_bbp_forum_subforum_count":0,"footnotes":""},"categories":[1,29],"tags":[],"class_list":["post-6331","post","type-post","status-publish","format-standard","has-post-thumbnail","hentry","category-general","category-portada"],"post_mailing_queue_ids":[],"_links":{"self":[{"href":"https:\/\/agora.xtec.cat\/zer-pedrera\/wp-json\/wp\/v2\/posts\/6331","targetHints":{"allow":["GET"]}}],"collection":[{"href":"https:\/\/agora.xtec.cat\/zer-pedrera\/wp-json\/wp\/v2\/posts"}],"about":[{"href":"https:\/\/agora.xtec.cat\/zer-pedrera\/wp-json\/wp\/v2\/types\/post"}],"author":[{"embeddable":true,"href":"https:\/\/agora.xtec.cat\/zer-pedrera\/wp-json\/wp\/v2\/users\/1"}],"replies":[{"embeddable":true,"href":"https:\/\/agora.xtec.cat\/zer-pedrera\/wp-json\/wp\/v2\/comments?post=6331"}],"version-history":[{"count":3,"href":"https:\/\/agora.xtec.cat\/zer-pedrera\/wp-json\/wp\/v2\/posts\/6331\/revisions"}],"predecessor-version":[{"id":6346,"href":"https:\/\/agora.xtec.cat\/zer-pedrera\/wp-json\/wp\/v2\/posts\/6331\/revisions\/6346"}],"wp:featuredmedia":[{"embeddable":true,"href":"https:\/\/agora.xtec.cat\/zer-pedrera\/wp-json\/wp\/v2\/media\/6348"}],"wp:attachment":[{"href":"https:\/\/agora.xtec.cat\/zer-pedrera\/wp-json\/wp\/v2\/media?parent=6331"}],"wp:term":[{"taxonomy":"category","embeddable":true,"href":"https:\/\/agora.xtec.cat\/zer-pedrera\/wp-json\/wp\/v2\/categories?post=6331"},{"taxonomy":"post_tag","embeddable":true,"href":"https:\/\/agora.xtec.cat\/zer-pedrera\/wp-json\/wp\/v2\/tags?post=6331"}],"curies":[{"name":"wp","href":"https:\/\/api.w.org\/{rel}","templated":true}]}}