{"id":6321,"date":"2022-12-05T15:21:48","date_gmt":"2022-12-05T14:21:48","guid":{"rendered":"https:\/\/agora.xtec.cat\/zer-pedrera\/?p=6321"},"modified":"2022-12-05T15:21:48","modified_gmt":"2022-12-05T14:21:48","slug":"ordenem-sequencies-ei-i-ci-escola-porcel-de-cervera","status":"publish","type":"post","link":"https:\/\/agora.xtec.cat\/zer-pedrera\/portada\/ordenem-sequencies-ei-i-ci-escola-porcel-de-cervera\/","title":{"rendered":"Ordenem seq\u00fc\u00e8ncies. EI i CI escola Porcel de Cervera."},"content":{"rendered":"<p>La setmana passada dins del projecte &#8220;El m\u00f3n dels contes&#8221;, vam dedicar una sessi\u00f3 a ordenar per parelles les seq\u00fc\u00e8ncies d&#8217;alguns dels contes cl\u00e0ssics que hem anat explicant aquest trimestre a la classe. Primer vam explicar el conte d&#8217;El flautista d&#8217;Hamel\u00edn i entre tots vam ordenar les imatges. Despr\u00e9s cada parella va agafar els dibuixos d&#8217;un altre conte i va fer el mateix. Un cop les tenien ordenades, s&#8217;intercanviaven les imatges amb les d&#8217;una altra parella. Val a dir que els nens i les nenes van treballar molt b\u00e9!!!!<\/p>\n<p>Si en voleu veure les imatges, cliqueu damunt de la foto.<\/p>\n<p style=\"text-align: center;\"><a href=\"https:\/\/photos.app.goo.gl\/NhB9oR1kowTJrxuC7\"><img loading=\"lazy\" decoding=\"async\" class=\"alignnone size-full wp-image-6322\" src=\"https:\/\/agora.xtec.cat\/zer-pedrera\/wp-content\/uploads\/usu1473\/2022\/12\/1-1.jpg\" alt=\"\" width=\"500\" height=\"282\" srcset=\"https:\/\/agora.xtec.cat\/zer-pedrera\/wp-content\/uploads\/usu1473\/2022\/12\/1-1.jpg 500w, https:\/\/agora.xtec.cat\/zer-pedrera\/wp-content\/uploads\/usu1473\/2022\/12\/1-1-300x169.jpg 300w\" sizes=\"auto, (max-width: 500px) 100vw, 500px\" \/><\/a><\/p>\n","protected":false},"excerpt":{"rendered":"<p>La setmana passada dins del projecte &#8220;El m\u00f3n dels contes&#8221;, vam dedicar una sessi\u00f3 a ordenar per parelles les seq\u00fc\u00e8ncies d&#8217;alguns dels contes cl\u00e0ssics que hem anat explicant aquest trimestre a la classe. Primer vam explicar el conte d&#8217;El flautista d&#8217;Hamel\u00edn i entre tots vam&hellip;  <a href=\"https:\/\/agora.xtec.cat\/zer-pedrera\/portada\/ordenem-sequencies-ei-i-ci-escola-porcel-de-cervera\/\" title=\"Read Ordenem seq\u00fc\u00e8ncies. EI i CI escola Porcel de Cervera.\">Llegeix m\u00e9s\u00bb<\/a><\/p>\n","protected":false},"author":1,"featured_media":6322,"comment_status":"open","ping_status":"closed","sticky":false,"template":"","format":"standard","meta":{"_bbp_topic_count":0,"_bbp_reply_count":0,"_bbp_total_topic_count":0,"_bbp_total_reply_count":0,"_bbp_voice_count":0,"_bbp_anonymous_reply_count":0,"_bbp_topic_count_hidden":0,"_bbp_reply_count_hidden":0,"_bbp_forum_subforum_count":0,"footnotes":""},"categories":[113,111,29,89],"tags":[],"class_list":["post-6321","post","type-post","status-publish","format-standard","has-post-thumbnail","hentry","category-e-infantil","category-escola-porcel-de-cervera","category-portada","category-primaria"],"post_mailing_queue_ids":[],"_links":{"self":[{"href":"https:\/\/agora.xtec.cat\/zer-pedrera\/wp-json\/wp\/v2\/posts\/6321","targetHints":{"allow":["GET"]}}],"collection":[{"href":"https:\/\/agora.xtec.cat\/zer-pedrera\/wp-json\/wp\/v2\/posts"}],"about":[{"href":"https:\/\/agora.xtec.cat\/zer-pedrera\/wp-json\/wp\/v2\/types\/post"}],"author":[{"embeddable":true,"href":"https:\/\/agora.xtec.cat\/zer-pedrera\/wp-json\/wp\/v2\/users\/1"}],"replies":[{"embeddable":true,"href":"https:\/\/agora.xtec.cat\/zer-pedrera\/wp-json\/wp\/v2\/comments?post=6321"}],"version-history":[{"count":1,"href":"https:\/\/agora.xtec.cat\/zer-pedrera\/wp-json\/wp\/v2\/posts\/6321\/revisions"}],"predecessor-version":[{"id":6323,"href":"https:\/\/agora.xtec.cat\/zer-pedrera\/wp-json\/wp\/v2\/posts\/6321\/revisions\/6323"}],"wp:featuredmedia":[{"embeddable":true,"href":"https:\/\/agora.xtec.cat\/zer-pedrera\/wp-json\/wp\/v2\/media\/6322"}],"wp:attachment":[{"href":"https:\/\/agora.xtec.cat\/zer-pedrera\/wp-json\/wp\/v2\/media?parent=6321"}],"wp:term":[{"taxonomy":"category","embeddable":true,"href":"https:\/\/agora.xtec.cat\/zer-pedrera\/wp-json\/wp\/v2\/categories?post=6321"},{"taxonomy":"post_tag","embeddable":true,"href":"https:\/\/agora.xtec.cat\/zer-pedrera\/wp-json\/wp\/v2\/tags?post=6321"}],"curies":[{"name":"wp","href":"https:\/\/api.w.org\/{rel}","templated":true}]}}