{"id":6317,"date":"2022-12-05T14:48:29","date_gmt":"2022-12-05T13:48:29","guid":{"rendered":"https:\/\/agora.xtec.cat\/zer-pedrera\/?p=6317"},"modified":"2022-12-05T14:48:29","modified_gmt":"2022-12-05T13:48:29","slug":"els-secrets-del-bibliobus-ei-i-ci-escola-porcel-de-cervera","status":"publish","type":"post","link":"https:\/\/agora.xtec.cat\/zer-pedrera\/general\/els-secrets-del-bibliobus-ei-i-ci-escola-porcel-de-cervera\/","title":{"rendered":"Els secrets del Bibliob\u00fas. EI i CI escola Porcel de Cervera."},"content":{"rendered":"<p>Avui ha tornat el Bibliob\u00fas, i com ens ha passat les darreres vegades que ha vingut, n&#8217;hem descobert una cosa nova. \u00daltimament, cada vegada que hi anem, el Jordi ens ensenya els secrets d&#8217;aquest autocar que cada mes ens porta infinitat d&#8217;hist\u00f2ries.<\/p>\n<p>Un dia ens va ensenyar la cabina del conductor, l&#8217;altre el seu motor, un altre com s&#8217;obria el tendal i avui, li ha tocat el torn a obrir-ne l&#8217;interior, ha estat xul\u00edssim!!!!\u00a0 A m\u00e9s, tamb\u00e9 ens ha explicat que nom\u00e9s n&#8217;hi ha dos d&#8217;aquest tipus i que els dos els tenim aqu\u00ed, a la prov\u00edncia de Lleida. Ens hem sentit uns privilegiats!!!!<\/p>\n<p>Moltes gr\u00e0cies Jordi i Carme!!!! Els nens i les nenes estan encantats amb les visites al Bibliob\u00fas!!!!<\/p>\n<p>Si en voleu veure les fotos cliqueu en la imatge.<\/p>\n<p style=\"text-align: center;\"><a href=\"https:\/\/photos.app.goo.gl\/97CUJuFvP1B6URbV8\"><img loading=\"lazy\" decoding=\"async\" class=\"alignnone size-full wp-image-6318\" src=\"https:\/\/agora.xtec.cat\/zer-pedrera\/wp-content\/uploads\/usu1473\/2022\/12\/1.jpg\" alt=\"\" width=\"500\" height=\"282\" srcset=\"https:\/\/agora.xtec.cat\/zer-pedrera\/wp-content\/uploads\/usu1473\/2022\/12\/1.jpg 500w, https:\/\/agora.xtec.cat\/zer-pedrera\/wp-content\/uploads\/usu1473\/2022\/12\/1-300x169.jpg 300w\" sizes=\"auto, (max-width: 500px) 100vw, 500px\" \/><\/a><\/p>\n","protected":false},"excerpt":{"rendered":"<p>Avui ha tornat el Bibliob\u00fas, i com ens ha passat les darreres vegades que ha vingut, n&#8217;hem descobert una cosa nova. \u00daltimament, cada vegada que hi anem, el Jordi ens ensenya els secrets d&#8217;aquest autocar que cada mes ens porta infinitat d&#8217;hist\u00f2ries.<br \/>\nUn dia ens va&hellip;  <a href=\"https:\/\/agora.xtec.cat\/zer-pedrera\/general\/els-secrets-del-bibliobus-ei-i-ci-escola-porcel-de-cervera\/\" title=\"Read Els secrets del Bibliob\u00fas. EI i CI escola Porcel de Cervera.\">Llegeix m\u00e9s\u00bb<\/a><\/p>\n","protected":false},"author":1,"featured_media":6318,"comment_status":"open","ping_status":"closed","sticky":false,"template":"","format":"standard","meta":{"_bbp_topic_count":0,"_bbp_reply_count":0,"_bbp_total_topic_count":0,"_bbp_total_reply_count":0,"_bbp_voice_count":0,"_bbp_anonymous_reply_count":0,"_bbp_topic_count_hidden":0,"_bbp_reply_count_hidden":0,"_bbp_forum_subforum_count":0,"footnotes":""},"categories":[113,111,1,29,89],"tags":[],"class_list":["post-6317","post","type-post","status-publish","format-standard","has-post-thumbnail","hentry","category-e-infantil","category-escola-porcel-de-cervera","category-general","category-portada","category-primaria"],"post_mailing_queue_ids":[],"_links":{"self":[{"href":"https:\/\/agora.xtec.cat\/zer-pedrera\/wp-json\/wp\/v2\/posts\/6317","targetHints":{"allow":["GET"]}}],"collection":[{"href":"https:\/\/agora.xtec.cat\/zer-pedrera\/wp-json\/wp\/v2\/posts"}],"about":[{"href":"https:\/\/agora.xtec.cat\/zer-pedrera\/wp-json\/wp\/v2\/types\/post"}],"author":[{"embeddable":true,"href":"https:\/\/agora.xtec.cat\/zer-pedrera\/wp-json\/wp\/v2\/users\/1"}],"replies":[{"embeddable":true,"href":"https:\/\/agora.xtec.cat\/zer-pedrera\/wp-json\/wp\/v2\/comments?post=6317"}],"version-history":[{"count":2,"href":"https:\/\/agora.xtec.cat\/zer-pedrera\/wp-json\/wp\/v2\/posts\/6317\/revisions"}],"predecessor-version":[{"id":6320,"href":"https:\/\/agora.xtec.cat\/zer-pedrera\/wp-json\/wp\/v2\/posts\/6317\/revisions\/6320"}],"wp:featuredmedia":[{"embeddable":true,"href":"https:\/\/agora.xtec.cat\/zer-pedrera\/wp-json\/wp\/v2\/media\/6318"}],"wp:attachment":[{"href":"https:\/\/agora.xtec.cat\/zer-pedrera\/wp-json\/wp\/v2\/media?parent=6317"}],"wp:term":[{"taxonomy":"category","embeddable":true,"href":"https:\/\/agora.xtec.cat\/zer-pedrera\/wp-json\/wp\/v2\/categories?post=6317"},{"taxonomy":"post_tag","embeddable":true,"href":"https:\/\/agora.xtec.cat\/zer-pedrera\/wp-json\/wp\/v2\/tags?post=6317"}],"curies":[{"name":"wp","href":"https:\/\/api.w.org\/{rel}","templated":true}]}}