{"id":6297,"date":"2022-12-04T12:18:47","date_gmt":"2022-12-04T11:18:47","guid":{"rendered":"https:\/\/agora.xtec.cat\/zer-pedrera\/?p=6297"},"modified":"2022-12-14T20:24:17","modified_gmt":"2022-12-14T19:24:17","slug":"el-compte-enrere-escola-porcel-de-cervera","status":"publish","type":"post","link":"https:\/\/agora.xtec.cat\/zer-pedrera\/general\/el-compte-enrere-escola-porcel-de-cervera\/","title":{"rendered":"EL COMPTE ENRERE&#8230;&#8230; ESCOLA PORCEL DE CERVERA"},"content":{"rendered":"<p>Arrenca el mes de desembre i els calendaris d&#8217;advent s\u00f3n un dol\u00e7 compte enrere cap a la celebraci\u00f3 de la festivitat de Nadal. L&#8217;alumnat de religi\u00f3 i alternativa ha confeccionat dos calendaris, un per cada classe, amb la il\u00b7lusi\u00f3 de preparar el Nadal i de comen\u00e7ar un compte enrere d&#8217;all\u00f2 m\u00e9s divertit.<\/p>\n<p>Cada dia ser\u00e0 una sorpresa, tot i est\u00e0 molt pensada i preparada.<\/p>\n<p>Gaudiu-ne!!!! heu treballat molt per tenir-los llestos l&#8217;\u00faltim dia de novembre. Comencem&#8230;..<\/p>\n<p>Per veure les fotos cliqueu les imatges<a href=\"https:\/\/photos.app.goo.gl\/4k1zgNao2xqzrd3z5\"><img loading=\"lazy\" decoding=\"async\" class=\"alignnone wp-image-6300\" src=\"https:\/\/agora.xtec.cat\/zer-pedrera\/wp-content\/uploads\/usu1473\/2022\/11\/20221130_102052-980x1024.jpg\" alt=\"\" width=\"163\" height=\"170\" srcset=\"https:\/\/agora.xtec.cat\/zer-pedrera\/wp-content\/uploads\/usu1473\/2022\/11\/20221130_102052-980x1024.jpg 980w, https:\/\/agora.xtec.cat\/zer-pedrera\/wp-content\/uploads\/usu1473\/2022\/11\/20221130_102052-287x300.jpg 287w, https:\/\/agora.xtec.cat\/zer-pedrera\/wp-content\/uploads\/usu1473\/2022\/11\/20221130_102052-768x803.jpg 768w, https:\/\/agora.xtec.cat\/zer-pedrera\/wp-content\/uploads\/usu1473\/2022\/11\/20221130_102052-1469x1536.jpg 1469w, https:\/\/agora.xtec.cat\/zer-pedrera\/wp-content\/uploads\/usu1473\/2022\/11\/20221130_102052-1959x2048.jpg 1959w\" sizes=\"auto, (max-width: 163px) 100vw, 163px\" \/><\/a><a href=\"https:\/\/photos.app.goo.gl\/NMsj7AZszudQo8LHA\"><img loading=\"lazy\" decoding=\"async\" class=\"wp-image-6301 alignright\" src=\"https:\/\/agora.xtec.cat\/zer-pedrera\/wp-content\/uploads\/usu1473\/2022\/11\/20221130_121216-2-1024x746.jpg\" alt=\"\" width=\"217\" height=\"158\" srcset=\"https:\/\/agora.xtec.cat\/zer-pedrera\/wp-content\/uploads\/usu1473\/2022\/11\/20221130_121216-2-1024x746.jpg 1024w, https:\/\/agora.xtec.cat\/zer-pedrera\/wp-content\/uploads\/usu1473\/2022\/11\/20221130_121216-2-300x218.jpg 300w, https:\/\/agora.xtec.cat\/zer-pedrera\/wp-content\/uploads\/usu1473\/2022\/11\/20221130_121216-2-768x559.jpg 768w, https:\/\/agora.xtec.cat\/zer-pedrera\/wp-content\/uploads\/usu1473\/2022\/11\/20221130_121216-2-1536x1119.jpg 1536w, https:\/\/agora.xtec.cat\/zer-pedrera\/wp-content\/uploads\/usu1473\/2022\/11\/20221130_121216-2-2048x1492.jpg 2048w\" sizes=\"auto, (max-width: 217px) 100vw, 217px\" \/><\/a><\/p>\n","protected":false},"excerpt":{"rendered":"<p>Arrenca el mes de desembre i els calendaris d&#8217;advent s\u00f3n un dol\u00e7 compte enrere cap a la celebraci\u00f3 de la festivitat de Nadal. L&#8217;alumnat de religi\u00f3 i alternativa ha confeccionat dos calendaris, un per cada classe, amb la il\u00b7lusi\u00f3 de preparar el Nadal i de&hellip;  <a href=\"https:\/\/agora.xtec.cat\/zer-pedrera\/general\/el-compte-enrere-escola-porcel-de-cervera\/\" title=\"Read EL COMPTE ENRERE&#8230;&#8230; ESCOLA PORCEL DE CERVERA\">Llegeix m\u00e9s\u00bb<\/a><\/p>\n","protected":false},"author":1,"featured_media":6301,"comment_status":"open","ping_status":"closed","sticky":false,"template":"","format":"standard","meta":{"_bbp_topic_count":0,"_bbp_reply_count":0,"_bbp_total_topic_count":0,"_bbp_total_reply_count":0,"_bbp_voice_count":0,"_bbp_anonymous_reply_count":0,"_bbp_topic_count_hidden":0,"_bbp_reply_count_hidden":0,"_bbp_forum_subforum_count":0,"footnotes":""},"categories":[113,145,111,1,29,89,121,122],"tags":[206,205,187,183,176,175],"class_list":["post-6297","post","type-post","status-publish","format-standard","has-post-thumbnail","hentry","category-e-infantil","category-educacio-en-valors","category-escola-porcel-de-cervera","category-general","category-portada","category-primaria","category-religio","category-valors","tag-advent","tag-calendari","tag-educacio-infantil","tag-primaria","tag-religio","tag-valors"],"post_mailing_queue_ids":[],"_links":{"self":[{"href":"https:\/\/agora.xtec.cat\/zer-pedrera\/wp-json\/wp\/v2\/posts\/6297","targetHints":{"allow":["GET"]}}],"collection":[{"href":"https:\/\/agora.xtec.cat\/zer-pedrera\/wp-json\/wp\/v2\/posts"}],"about":[{"href":"https:\/\/agora.xtec.cat\/zer-pedrera\/wp-json\/wp\/v2\/types\/post"}],"author":[{"embeddable":true,"href":"https:\/\/agora.xtec.cat\/zer-pedrera\/wp-json\/wp\/v2\/users\/1"}],"replies":[{"embeddable":true,"href":"https:\/\/agora.xtec.cat\/zer-pedrera\/wp-json\/wp\/v2\/comments?post=6297"}],"version-history":[{"count":3,"href":"https:\/\/agora.xtec.cat\/zer-pedrera\/wp-json\/wp\/v2\/posts\/6297\/revisions"}],"predecessor-version":[{"id":6316,"href":"https:\/\/agora.xtec.cat\/zer-pedrera\/wp-json\/wp\/v2\/posts\/6297\/revisions\/6316"}],"wp:featuredmedia":[{"embeddable":true,"href":"https:\/\/agora.xtec.cat\/zer-pedrera\/wp-json\/wp\/v2\/media\/6301"}],"wp:attachment":[{"href":"https:\/\/agora.xtec.cat\/zer-pedrera\/wp-json\/wp\/v2\/media?parent=6297"}],"wp:term":[{"taxonomy":"category","embeddable":true,"href":"https:\/\/agora.xtec.cat\/zer-pedrera\/wp-json\/wp\/v2\/categories?post=6297"},{"taxonomy":"post_tag","embeddable":true,"href":"https:\/\/agora.xtec.cat\/zer-pedrera\/wp-json\/wp\/v2\/tags?post=6297"}],"curies":[{"name":"wp","href":"https:\/\/api.w.org\/{rel}","templated":true}]}}