{"id":6289,"date":"2022-11-26T19:19:04","date_gmt":"2022-11-26T18:19:04","guid":{"rendered":"https:\/\/agora.xtec.cat\/zer-pedrera\/?p=6289"},"modified":"2022-11-26T19:19:04","modified_gmt":"2022-11-26T18:19:04","slug":"ci-de-lescola-abat-ruera-les-nostres-titelles","status":"publish","type":"post","link":"https:\/\/agora.xtec.cat\/zer-pedrera\/general\/ci-de-lescola-abat-ruera-les-nostres-titelles\/","title":{"rendered":"CI de l&#8217;escola Abat Ruera. Les nostres titelles!"},"content":{"rendered":"<p>Aquest primer trimestre, els alumnes de CI estan portant a terme el projecte &#8220;El m\u00f3n dels Contes&#8221; en l&#8217;\u00e0rea de Gesti\u00f3 Aut\u00f2noma. Despr\u00e9s de treballar la hist\u00f2ria de Peter Pan, l&#8217;alumnat ha elaborat la seva pr\u00f2pia titella entorn els personatges d&#8217;aquest fam\u00f3s conte.<\/p>\n<p style=\"text-align: center;\"><a href=\"https:\/\/agora.xtec.cat\/zer-pedrera\/wp-content\/uploads\/usu1473\/2022\/11\/1669396338995.jpg\"><img loading=\"lazy\" decoding=\"async\" class=\"alignnone size-full wp-image-6290\" src=\"https:\/\/agora.xtec.cat\/zer-pedrera\/wp-content\/uploads\/usu1473\/2022\/11\/1669396338995.jpg\" alt=\"\" width=\"486\" height=\"538\" srcset=\"https:\/\/agora.xtec.cat\/zer-pedrera\/wp-content\/uploads\/usu1473\/2022\/11\/1669396338995.jpg 486w, https:\/\/agora.xtec.cat\/zer-pedrera\/wp-content\/uploads\/usu1473\/2022\/11\/1669396338995-271x300.jpg 271w\" sizes=\"auto, (max-width: 486px) 100vw, 486px\" \/><\/a><\/p>\n","protected":false},"excerpt":{"rendered":"<p>Aquest primer trimestre, els alumnes de CI estan portant a terme el projecte &#8220;El m\u00f3n dels Contes&#8221; en l&#8217;\u00e0rea de Gesti\u00f3 Aut\u00f2noma. Despr\u00e9s de treballar la hist\u00f2ria de Peter Pan, l&#8217;alumnat ha elaborat la seva pr\u00f2pia titella entorn els personatges d&#8217;aquest fam\u00f3s conte.<br \/>\n<a href=\"https:\/\/agora.xtec.cat\/zer-pedrera\/wp-content\/uploads\/usu1473\/2022\/11\/1669396338995.jpg\"><\/a><\/p>\n","protected":false},"author":1,"featured_media":6290,"comment_status":"open","ping_status":"closed","sticky":false,"template":"","format":"standard","meta":{"_bbp_topic_count":0,"_bbp_reply_count":0,"_bbp_total_topic_count":0,"_bbp_total_reply_count":0,"_bbp_voice_count":0,"_bbp_anonymous_reply_count":0,"_bbp_topic_count_hidden":0,"_bbp_reply_count_hidden":0,"_bbp_forum_subforum_count":0,"footnotes":""},"categories":[125,110,1,29,89,120],"tags":[],"class_list":["post-6289","post","type-post","status-publish","format-standard","has-post-thumbnail","hentry","category-catala","category-escola-abat-ruera","category-general","category-portada","category-primaria","category-projectes"],"post_mailing_queue_ids":[],"_links":{"self":[{"href":"https:\/\/agora.xtec.cat\/zer-pedrera\/wp-json\/wp\/v2\/posts\/6289","targetHints":{"allow":["GET"]}}],"collection":[{"href":"https:\/\/agora.xtec.cat\/zer-pedrera\/wp-json\/wp\/v2\/posts"}],"about":[{"href":"https:\/\/agora.xtec.cat\/zer-pedrera\/wp-json\/wp\/v2\/types\/post"}],"author":[{"embeddable":true,"href":"https:\/\/agora.xtec.cat\/zer-pedrera\/wp-json\/wp\/v2\/users\/1"}],"replies":[{"embeddable":true,"href":"https:\/\/agora.xtec.cat\/zer-pedrera\/wp-json\/wp\/v2\/comments?post=6289"}],"version-history":[{"count":1,"href":"https:\/\/agora.xtec.cat\/zer-pedrera\/wp-json\/wp\/v2\/posts\/6289\/revisions"}],"predecessor-version":[{"id":6291,"href":"https:\/\/agora.xtec.cat\/zer-pedrera\/wp-json\/wp\/v2\/posts\/6289\/revisions\/6291"}],"wp:featuredmedia":[{"embeddable":true,"href":"https:\/\/agora.xtec.cat\/zer-pedrera\/wp-json\/wp\/v2\/media\/6290"}],"wp:attachment":[{"href":"https:\/\/agora.xtec.cat\/zer-pedrera\/wp-json\/wp\/v2\/media?parent=6289"}],"wp:term":[{"taxonomy":"category","embeddable":true,"href":"https:\/\/agora.xtec.cat\/zer-pedrera\/wp-json\/wp\/v2\/categories?post=6289"},{"taxonomy":"post_tag","embeddable":true,"href":"https:\/\/agora.xtec.cat\/zer-pedrera\/wp-json\/wp\/v2\/tags?post=6289"}],"curies":[{"name":"wp","href":"https:\/\/api.w.org\/{rel}","templated":true}]}}