{"id":6283,"date":"2022-11-26T18:28:14","date_gmt":"2022-11-26T17:28:14","guid":{"rendered":"https:\/\/agora.xtec.cat\/zer-pedrera\/?p=6283"},"modified":"2022-11-26T18:28:14","modified_gmt":"2022-11-26T17:28:14","slug":"escola-abat-ruera-dia-internacional-de-la-violencia-de-genere","status":"publish","type":"post","link":"https:\/\/agora.xtec.cat\/zer-pedrera\/general\/escola-abat-ruera-dia-internacional-de-la-violencia-de-genere\/","title":{"rendered":"Escola Abat Ruera. Dia internacional de la viol\u00e8ncia de g\u00e8nere"},"content":{"rendered":"<p>El dia 25 de novembre va ser el dia internacional de la viol\u00e8ncia de g\u00e8nere. Des de l&#8217;escola Abat Ruera s&#8217;ha treballat\u00a0aquest dia a trav\u00e9s del m\u00f3n dels contes. La nostra contacontes, la Ramona, ha explicat una s\u00e8rie d&#8217;hist\u00f2ries on els valors d&#8217;igualtat, amistat i coeducaci\u00f3 han estat presents.<\/p>\n<p style=\"text-align: center;\"><a href=\"https:\/\/agora.xtec.cat\/zer-pedrera\/wp-content\/uploads\/usu1473\/2022\/11\/1669396122764.jpg\"><img loading=\"lazy\" decoding=\"async\" class=\"alignnone size-full wp-image-6284\" src=\"https:\/\/agora.xtec.cat\/zer-pedrera\/wp-content\/uploads\/usu1473\/2022\/11\/1669396122764.jpg\" alt=\"\" width=\"631\" height=\"414\" srcset=\"https:\/\/agora.xtec.cat\/zer-pedrera\/wp-content\/uploads\/usu1473\/2022\/11\/1669396122764.jpg 631w, https:\/\/agora.xtec.cat\/zer-pedrera\/wp-content\/uploads\/usu1473\/2022\/11\/1669396122764-300x197.jpg 300w\" sizes=\"auto, (max-width: 631px) 100vw, 631px\" \/><\/a><\/p>\n","protected":false},"excerpt":{"rendered":"<p>El dia 25 de novembre va ser el dia internacional de la viol\u00e8ncia de g\u00e8nere. Des de l&#8217;escola Abat Ruera s&#8217;ha treballat\u00a0aquest dia a trav\u00e9s del m\u00f3n dels contes. La nostra contacontes, la Ramona, ha explicat una s\u00e8rie d&#8217;hist\u00f2ries on els valors d&#8217;igualtat, amistat i&hellip;  <a href=\"https:\/\/agora.xtec.cat\/zer-pedrera\/general\/escola-abat-ruera-dia-internacional-de-la-violencia-de-genere\/\" title=\"Read Escola Abat Ruera. Dia internacional de la viol\u00e8ncia de g\u00e8nere\">Llegeix m\u00e9s\u00bb<\/a><\/p>\n","protected":false},"author":1,"featured_media":6284,"comment_status":"open","ping_status":"closed","sticky":false,"template":"","format":"standard","meta":{"_bbp_topic_count":0,"_bbp_reply_count":0,"_bbp_total_topic_count":0,"_bbp_total_reply_count":0,"_bbp_voice_count":0,"_bbp_anonymous_reply_count":0,"_bbp_topic_count_hidden":0,"_bbp_reply_count_hidden":0,"_bbp_forum_subforum_count":0,"footnotes":""},"categories":[181,145,110,1,29,89,122],"tags":[],"class_list":["post-6283","post","type-post","status-publish","format-standard","has-post-thumbnail","hentry","category-biblioteca-escolar","category-educacio-en-valors","category-escola-abat-ruera","category-general","category-portada","category-primaria","category-valors"],"post_mailing_queue_ids":[],"_links":{"self":[{"href":"https:\/\/agora.xtec.cat\/zer-pedrera\/wp-json\/wp\/v2\/posts\/6283","targetHints":{"allow":["GET"]}}],"collection":[{"href":"https:\/\/agora.xtec.cat\/zer-pedrera\/wp-json\/wp\/v2\/posts"}],"about":[{"href":"https:\/\/agora.xtec.cat\/zer-pedrera\/wp-json\/wp\/v2\/types\/post"}],"author":[{"embeddable":true,"href":"https:\/\/agora.xtec.cat\/zer-pedrera\/wp-json\/wp\/v2\/users\/1"}],"replies":[{"embeddable":true,"href":"https:\/\/agora.xtec.cat\/zer-pedrera\/wp-json\/wp\/v2\/comments?post=6283"}],"version-history":[{"count":1,"href":"https:\/\/agora.xtec.cat\/zer-pedrera\/wp-json\/wp\/v2\/posts\/6283\/revisions"}],"predecessor-version":[{"id":6285,"href":"https:\/\/agora.xtec.cat\/zer-pedrera\/wp-json\/wp\/v2\/posts\/6283\/revisions\/6285"}],"wp:featuredmedia":[{"embeddable":true,"href":"https:\/\/agora.xtec.cat\/zer-pedrera\/wp-json\/wp\/v2\/media\/6284"}],"wp:attachment":[{"href":"https:\/\/agora.xtec.cat\/zer-pedrera\/wp-json\/wp\/v2\/media?parent=6283"}],"wp:term":[{"taxonomy":"category","embeddable":true,"href":"https:\/\/agora.xtec.cat\/zer-pedrera\/wp-json\/wp\/v2\/categories?post=6283"},{"taxonomy":"post_tag","embeddable":true,"href":"https:\/\/agora.xtec.cat\/zer-pedrera\/wp-json\/wp\/v2\/tags?post=6283"}],"curies":[{"name":"wp","href":"https:\/\/api.w.org\/{rel}","templated":true}]}}