{"id":6267,"date":"2022-11-20T11:08:29","date_gmt":"2022-11-20T10:08:29","guid":{"rendered":"https:\/\/agora.xtec.cat\/zer-pedrera\/?p=6267"},"modified":"2022-11-20T11:08:29","modified_gmt":"2022-11-20T10:08:29","slug":"escola-abat-ruera-el-fumera","status":"publish","type":"post","link":"https:\/\/agora.xtec.cat\/zer-pedrera\/portada\/escola-abat-ruera-el-fumera\/","title":{"rendered":"Escola Abat Ruera. El Fumera"},"content":{"rendered":"<p>Aquest divendres dia 18 de novembre ha vingut a la nostra escola &#8220;El Fumera&#8221; i s&#8217;ha col\u00b7locat a la nostra biblioteca per vigilar a tots els alumnes. El Fumera \u00e9s un patge que treballa pels Reis d&#8217;Orient i que t\u00e9 com a missi\u00f3 vigilar i vetllar als infants per aix\u00ed transmetre tot all\u00f2 que veu. Aix\u00f2 ho pot fer gr\u00e0cies al gran ull m\u00e0gic que t\u00e9. Li encanta la caloreta de la llar de foc i sempre est\u00e0 molt i molt atent. Tot ho veu, tot ho sent i tot ho xerra.<br \/>\nAix\u00ed doncs, a fer bondat!!!<\/p>\n<p style=\"text-align: center;\"><a href=\"https:\/\/agora.xtec.cat\/zer-pedrera\/wp-content\/uploads\/usu1473\/2022\/11\/1668800842363.jpeg\"><img loading=\"lazy\" decoding=\"async\" class=\"alignnone size-full wp-image-6268\" src=\"https:\/\/agora.xtec.cat\/zer-pedrera\/wp-content\/uploads\/usu1473\/2022\/11\/1668800842363.jpeg\" alt=\"\" width=\"453\" height=\"578\" srcset=\"https:\/\/agora.xtec.cat\/zer-pedrera\/wp-content\/uploads\/usu1473\/2022\/11\/1668800842363.jpeg 453w, https:\/\/agora.xtec.cat\/zer-pedrera\/wp-content\/uploads\/usu1473\/2022\/11\/1668800842363-235x300.jpeg 235w\" sizes=\"auto, (max-width: 453px) 100vw, 453px\" \/><\/a><\/p>\n","protected":false},"excerpt":{"rendered":"<p>Aquest divendres dia 18 de novembre ha vingut a la nostra escola &#8220;El Fumera&#8221; i s&#8217;ha col\u00b7locat a la nostra biblioteca per vigilar a tots els alumnes. El Fumera \u00e9s un patge que treballa pels Reis d&#8217;Orient i que t\u00e9 com a missi\u00f3 vigilar i&hellip;  <a href=\"https:\/\/agora.xtec.cat\/zer-pedrera\/portada\/escola-abat-ruera-el-fumera\/\" title=\"Read Escola Abat Ruera. El Fumera\">Llegeix m\u00e9s\u00bb<\/a><\/p>\n","protected":false},"author":1,"featured_media":6268,"comment_status":"open","ping_status":"closed","sticky":false,"template":"","format":"standard","meta":{"_bbp_topic_count":0,"_bbp_reply_count":0,"_bbp_total_topic_count":0,"_bbp_total_reply_count":0,"_bbp_voice_count":0,"_bbp_anonymous_reply_count":0,"_bbp_topic_count_hidden":0,"_bbp_reply_count_hidden":0,"_bbp_forum_subforum_count":0,"footnotes":""},"categories":[125,113,110,29,89],"tags":[],"class_list":["post-6267","post","type-post","status-publish","format-standard","has-post-thumbnail","hentry","category-catala","category-e-infantil","category-escola-abat-ruera","category-portada","category-primaria"],"post_mailing_queue_ids":[],"_links":{"self":[{"href":"https:\/\/agora.xtec.cat\/zer-pedrera\/wp-json\/wp\/v2\/posts\/6267","targetHints":{"allow":["GET"]}}],"collection":[{"href":"https:\/\/agora.xtec.cat\/zer-pedrera\/wp-json\/wp\/v2\/posts"}],"about":[{"href":"https:\/\/agora.xtec.cat\/zer-pedrera\/wp-json\/wp\/v2\/types\/post"}],"author":[{"embeddable":true,"href":"https:\/\/agora.xtec.cat\/zer-pedrera\/wp-json\/wp\/v2\/users\/1"}],"replies":[{"embeddable":true,"href":"https:\/\/agora.xtec.cat\/zer-pedrera\/wp-json\/wp\/v2\/comments?post=6267"}],"version-history":[{"count":1,"href":"https:\/\/agora.xtec.cat\/zer-pedrera\/wp-json\/wp\/v2\/posts\/6267\/revisions"}],"predecessor-version":[{"id":6269,"href":"https:\/\/agora.xtec.cat\/zer-pedrera\/wp-json\/wp\/v2\/posts\/6267\/revisions\/6269"}],"wp:featuredmedia":[{"embeddable":true,"href":"https:\/\/agora.xtec.cat\/zer-pedrera\/wp-json\/wp\/v2\/media\/6268"}],"wp:attachment":[{"href":"https:\/\/agora.xtec.cat\/zer-pedrera\/wp-json\/wp\/v2\/media?parent=6267"}],"wp:term":[{"taxonomy":"category","embeddable":true,"href":"https:\/\/agora.xtec.cat\/zer-pedrera\/wp-json\/wp\/v2\/categories?post=6267"},{"taxonomy":"post_tag","embeddable":true,"href":"https:\/\/agora.xtec.cat\/zer-pedrera\/wp-json\/wp\/v2\/tags?post=6267"}],"curies":[{"name":"wp","href":"https:\/\/api.w.org\/{rel}","templated":true}]}}