{"id":6236,"date":"2022-11-16T15:58:21","date_gmt":"2022-11-16T14:58:21","guid":{"rendered":"https:\/\/agora.xtec.cat\/zer-pedrera\/?p=6236"},"modified":"2022-11-16T15:58:21","modified_gmt":"2022-11-16T14:58:21","slug":"ens-visiten-els-mossos-desquadra-ei-escola-porcel-de-cervera","status":"publish","type":"post","link":"https:\/\/agora.xtec.cat\/zer-pedrera\/portada\/ens-visiten-els-mossos-desquadra-ei-escola-porcel-de-cervera\/","title":{"rendered":"Ens visiten els Mossos d&#8217;Esquadra. EI escola Porcel de Cervera."},"content":{"rendered":"<p>La setmana passada vam tenir la visita d&#8217;en Jaume, un membre del cos dels Mossos d&#8217;Esquadra, que ens va venir a explicar &#8220;La petita hist\u00f2ria dels Mossos d&#8217;Esquadra per a infants&#8221;. Primer a l&#8217;aula vam visionar un v\u00eddeo on ens ensenyaven les depend\u00e8ncies d&#8217;una comissaria i tamb\u00e9 els diferents departaments del cos. Despr\u00e9s en Jaume ens va ensenyar les seves eines de treball i ens va dir que la que m\u00e9s utilitzava, era el bol\u00edgraf. Finalment vam sortir al pati on ens va ensenyar el cotxe i tot el que porten per a prestar el seu servei.<\/p>\n<p>Vam gaudir molt i ens va encantar pujar al cotxe aix\u00ed com posar-nos les armilles, i ser per uns instants, petits membres del cos com els que sortien a la pel\u00b7l\u00edcula.<\/p>\n<p>Moltes gr\u00e0cies a la Policia de la Generalitat per aquesta activitat!!!!<\/p>\n<p>Per veure&#8217;n les fotografies cliqueu damunt de la imatge.<\/p>\n<p style=\"text-align: center;\"><a href=\"https:\/\/photos.app.goo.gl\/nqz9jFA2LtLbmVTc8\"><img loading=\"lazy\" decoding=\"async\" class=\"alignnone size-full wp-image-6245\" src=\"https:\/\/agora.xtec.cat\/zer-pedrera\/wp-content\/uploads\/usu1473\/2022\/11\/20221110_111102.jpg\" alt=\"\" width=\"500\" height=\"282\" srcset=\"https:\/\/agora.xtec.cat\/zer-pedrera\/wp-content\/uploads\/usu1473\/2022\/11\/20221110_111102.jpg 500w, https:\/\/agora.xtec.cat\/zer-pedrera\/wp-content\/uploads\/usu1473\/2022\/11\/20221110_111102-300x169.jpg 300w\" sizes=\"auto, (max-width: 500px) 100vw, 500px\" \/><\/a><a href=\"https:\/\/agora.xtec.cat\/zer-pedrera\/wp-admin\/edit-tags.php?taxonomy=post_tag\">Etiquetes<\/a><\/p>\n<p>&nbsp;<\/p>\n<p style=\"text-align: center;\">\n","protected":false},"excerpt":{"rendered":"<p>La setmana passada vam tenir la visita d&#8217;en Jaume, un membre del cos dels Mossos d&#8217;Esquadra, que ens va venir a explicar &#8220;La petita hist\u00f2ria dels Mossos d&#8217;Esquadra per a infants&#8221;. Primer a l&#8217;aula vam visionar un v\u00eddeo on ens ensenyaven les depend\u00e8ncies d&#8217;una comissaria&hellip;  <a href=\"https:\/\/agora.xtec.cat\/zer-pedrera\/portada\/ens-visiten-els-mossos-desquadra-ei-escola-porcel-de-cervera\/\" title=\"Read Ens visiten els Mossos d&#8217;Esquadra. EI escola Porcel de Cervera.\">Llegeix m\u00e9s\u00bb<\/a><\/p>\n","protected":false},"author":1,"featured_media":6245,"comment_status":"open","ping_status":"closed","sticky":false,"template":"","format":"standard","meta":{"_bbp_topic_count":0,"_bbp_reply_count":0,"_bbp_total_topic_count":0,"_bbp_total_reply_count":0,"_bbp_voice_count":0,"_bbp_anonymous_reply_count":0,"_bbp_topic_count_hidden":0,"_bbp_reply_count_hidden":0,"_bbp_forum_subforum_count":0,"footnotes":""},"categories":[113,111,29],"tags":[],"class_list":["post-6236","post","type-post","status-publish","format-standard","has-post-thumbnail","hentry","category-e-infantil","category-escola-porcel-de-cervera","category-portada"],"post_mailing_queue_ids":[],"_links":{"self":[{"href":"https:\/\/agora.xtec.cat\/zer-pedrera\/wp-json\/wp\/v2\/posts\/6236","targetHints":{"allow":["GET"]}}],"collection":[{"href":"https:\/\/agora.xtec.cat\/zer-pedrera\/wp-json\/wp\/v2\/posts"}],"about":[{"href":"https:\/\/agora.xtec.cat\/zer-pedrera\/wp-json\/wp\/v2\/types\/post"}],"author":[{"embeddable":true,"href":"https:\/\/agora.xtec.cat\/zer-pedrera\/wp-json\/wp\/v2\/users\/1"}],"replies":[{"embeddable":true,"href":"https:\/\/agora.xtec.cat\/zer-pedrera\/wp-json\/wp\/v2\/comments?post=6236"}],"version-history":[{"count":3,"href":"https:\/\/agora.xtec.cat\/zer-pedrera\/wp-json\/wp\/v2\/posts\/6236\/revisions"}],"predecessor-version":[{"id":6247,"href":"https:\/\/agora.xtec.cat\/zer-pedrera\/wp-json\/wp\/v2\/posts\/6236\/revisions\/6247"}],"wp:featuredmedia":[{"embeddable":true,"href":"https:\/\/agora.xtec.cat\/zer-pedrera\/wp-json\/wp\/v2\/media\/6245"}],"wp:attachment":[{"href":"https:\/\/agora.xtec.cat\/zer-pedrera\/wp-json\/wp\/v2\/media?parent=6236"}],"wp:term":[{"taxonomy":"category","embeddable":true,"href":"https:\/\/agora.xtec.cat\/zer-pedrera\/wp-json\/wp\/v2\/categories?post=6236"},{"taxonomy":"post_tag","embeddable":true,"href":"https:\/\/agora.xtec.cat\/zer-pedrera\/wp-json\/wp\/v2\/tags?post=6236"}],"curies":[{"name":"wp","href":"https:\/\/api.w.org\/{rel}","templated":true}]}}