{"id":6226,"date":"2022-11-15T21:37:31","date_gmt":"2022-11-15T20:37:31","guid":{"rendered":"https:\/\/agora.xtec.cat\/zer-pedrera\/?p=6226"},"modified":"2022-11-15T21:37:31","modified_gmt":"2022-11-15T20:37:31","slug":"escola-abat-ruera-conserva-dolives","status":"publish","type":"post","link":"https:\/\/agora.xtec.cat\/zer-pedrera\/general\/escola-abat-ruera-conserva-dolives\/","title":{"rendered":"Escola Abat Ruera. Conserva d&#8217;olives"},"content":{"rendered":"<p>Durant el mes d&#8217;octubre \u00e9s temps de recollir les olives per fer conserva. \u00c9s en aquesta \u00e8poca de recol\u00b7lecci\u00f3 quan estan verdes, a punt de canviar de color: de morat cap a negre. S\u00f3n moltes les maneres i t\u00e8cniques de fer conserva d&#8217;olives, aix\u00ed com els ingredients per afegir-hi, depenent del gust final que vulguem que agafin i que m\u00e9s ens agradi.<\/p>\n<p>A\u00a0l&#8217;escola hem fet conserva d&#8217;olives arbequines. Per\u00f2 abans de fer tot el proc\u00e9s hi ha hagut un treball matem\u00e0tic (calcular la quantitat de sal i d&#8217;aigua) i ling\u00fc\u00edstic (escriure la recepta).<\/p>\n<p style=\"text-align: center;\"><a href=\"https:\/\/photos.app.goo.gl\/myrQaQSChQkG95sn8\" target=\"_blank\" rel=\"noopener\"><img loading=\"lazy\" decoding=\"async\" class=\"alignnone size-full wp-image-6227\" src=\"https:\/\/agora.xtec.cat\/zer-pedrera\/wp-content\/uploads\/usu1473\/2022\/11\/1668543834931.jpeg\" alt=\"\" width=\"510\" height=\"382\" srcset=\"https:\/\/agora.xtec.cat\/zer-pedrera\/wp-content\/uploads\/usu1473\/2022\/11\/1668543834931.jpeg 510w, https:\/\/agora.xtec.cat\/zer-pedrera\/wp-content\/uploads\/usu1473\/2022\/11\/1668543834931-300x225.jpeg 300w, https:\/\/agora.xtec.cat\/zer-pedrera\/wp-content\/uploads\/usu1473\/2022\/11\/1668543834931-200x150.jpeg 200w\" sizes=\"auto, (max-width: 510px) 100vw, 510px\" \/><\/a><\/p>\n<p>&nbsp;<\/p>\n<p>&nbsp;<\/p>\n<p>&nbsp;<\/p>\n","protected":false},"excerpt":{"rendered":"<p>Durant el mes d&#8217;octubre \u00e9s temps de recollir les olives per fer conserva. \u00c9s en aquesta \u00e8poca de recol\u00b7lecci\u00f3 quan estan verdes, a punt de canviar de color: de morat cap a negre. S\u00f3n moltes les maneres i t\u00e8cniques de fer conserva d&#8217;olives, aix\u00ed com&hellip;  <a href=\"https:\/\/agora.xtec.cat\/zer-pedrera\/general\/escola-abat-ruera-conserva-dolives\/\" title=\"Read Escola Abat Ruera. Conserva d&#8217;olives\">Llegeix m\u00e9s\u00bb<\/a><\/p>\n","protected":false},"author":1,"featured_media":6227,"comment_status":"open","ping_status":"closed","sticky":false,"template":"","format":"standard","meta":{"_bbp_topic_count":0,"_bbp_reply_count":0,"_bbp_total_topic_count":0,"_bbp_total_reply_count":0,"_bbp_voice_count":0,"_bbp_anonymous_reply_count":0,"_bbp_topic_count_hidden":0,"_bbp_reply_count_hidden":0,"_bbp_forum_subforum_count":0,"footnotes":""},"categories":[113,110,1,29,89],"tags":[],"class_list":["post-6226","post","type-post","status-publish","format-standard","has-post-thumbnail","hentry","category-e-infantil","category-escola-abat-ruera","category-general","category-portada","category-primaria"],"post_mailing_queue_ids":[],"_links":{"self":[{"href":"https:\/\/agora.xtec.cat\/zer-pedrera\/wp-json\/wp\/v2\/posts\/6226","targetHints":{"allow":["GET"]}}],"collection":[{"href":"https:\/\/agora.xtec.cat\/zer-pedrera\/wp-json\/wp\/v2\/posts"}],"about":[{"href":"https:\/\/agora.xtec.cat\/zer-pedrera\/wp-json\/wp\/v2\/types\/post"}],"author":[{"embeddable":true,"href":"https:\/\/agora.xtec.cat\/zer-pedrera\/wp-json\/wp\/v2\/users\/1"}],"replies":[{"embeddable":true,"href":"https:\/\/agora.xtec.cat\/zer-pedrera\/wp-json\/wp\/v2\/comments?post=6226"}],"version-history":[{"count":1,"href":"https:\/\/agora.xtec.cat\/zer-pedrera\/wp-json\/wp\/v2\/posts\/6226\/revisions"}],"predecessor-version":[{"id":6228,"href":"https:\/\/agora.xtec.cat\/zer-pedrera\/wp-json\/wp\/v2\/posts\/6226\/revisions\/6228"}],"wp:featuredmedia":[{"embeddable":true,"href":"https:\/\/agora.xtec.cat\/zer-pedrera\/wp-json\/wp\/v2\/media\/6227"}],"wp:attachment":[{"href":"https:\/\/agora.xtec.cat\/zer-pedrera\/wp-json\/wp\/v2\/media?parent=6226"}],"wp:term":[{"taxonomy":"category","embeddable":true,"href":"https:\/\/agora.xtec.cat\/zer-pedrera\/wp-json\/wp\/v2\/categories?post=6226"},{"taxonomy":"post_tag","embeddable":true,"href":"https:\/\/agora.xtec.cat\/zer-pedrera\/wp-json\/wp\/v2\/tags?post=6226"}],"curies":[{"name":"wp","href":"https:\/\/api.w.org\/{rel}","templated":true}]}}