{"id":6216,"date":"2022-11-13T22:23:26","date_gmt":"2022-11-13T21:23:26","guid":{"rendered":"https:\/\/agora.xtec.cat\/zer-pedrera\/?p=6216"},"modified":"2022-11-15T00:05:18","modified_gmt":"2022-11-14T23:05:18","slug":"rescatem-la-castanyera","status":"publish","type":"post","link":"https:\/\/agora.xtec.cat\/zer-pedrera\/general\/rescatem-la-castanyera\/","title":{"rendered":"L&#8217;alumnat de l&#8217;escola Porcel de Cervera fem pinya per rescatar la nostra Castanyera"},"content":{"rendered":"<p>Uns dies abans de la tradicional festa de la Castanyada, ens va arribar a l&#8217;escola un misteri\u00f3s sobre enviat per la presidenta de l&#8217;ABCC (associaci\u00f3 de bruixes contra la Castanyada). En ell ens explicava que unes bruixes ens havien segrestat la castanyera i que, sols si aconsegu\u00edem desxifrar el n\u00famero secret del cofre superant un seguit de proves, ens la tornarien i podr\u00edem celebrar la festa. Ten\u00edem tantes de gresca i celebraci\u00f3 que immediatament vam fer equips i ens vam posar mans a l&#8217;obra. Tot l&#8217;alumnat vam fer pinya i vam treballar cooperativament per superar els reptes. I s\u00ed!!! ho vam aconseguir i tot va quedar en un divertit ensurt.<\/p>\n<p>Si en voleu veure les fotografies cliqueu en la imatge.<\/p>\n<p style=\"text-align: center;\"><a href=\"https:\/\/photos.app.goo.gl\/zaskPcgZJtHmhWPD6\"><img loading=\"lazy\" decoding=\"async\" class=\"alignnone size-full wp-image-6224\" src=\"https:\/\/agora.xtec.cat\/zer-pedrera\/wp-content\/uploads\/usu1473\/2022\/11\/1-rotated.jpg\" alt=\"\" width=\"591\" height=\"443\" srcset=\"https:\/\/agora.xtec.cat\/zer-pedrera\/wp-content\/uploads\/usu1473\/2022\/11\/1-rotated.jpg 591w, https:\/\/agora.xtec.cat\/zer-pedrera\/wp-content\/uploads\/usu1473\/2022\/11\/1-300x225.jpg 300w, https:\/\/agora.xtec.cat\/zer-pedrera\/wp-content\/uploads\/usu1473\/2022\/11\/1-200x150.jpg 200w\" sizes=\"auto, (max-width: 591px) 100vw, 591px\" \/><\/a><\/p>\n","protected":false},"excerpt":{"rendered":"<p>Uns dies abans de la tradicional festa de la Castanyada, ens va arribar a l&#8217;escola un misteri\u00f3s sobre enviat per la presidenta de l&#8217;ABCC (associaci\u00f3 de bruixes contra la Castanyada). En ell ens explicava que unes bruixes ens havien segrestat la castanyera i que, sols&hellip;  <a href=\"https:\/\/agora.xtec.cat\/zer-pedrera\/general\/rescatem-la-castanyera\/\" title=\"Read L&#8217;alumnat de l&#8217;escola Porcel de Cervera fem pinya per rescatar la nostra Castanyera\">Llegeix m\u00e9s\u00bb<\/a><\/p>\n","protected":false},"author":1,"featured_media":6224,"comment_status":"open","ping_status":"closed","sticky":false,"template":"","format":"standard","meta":{"_bbp_topic_count":0,"_bbp_reply_count":0,"_bbp_total_topic_count":0,"_bbp_total_reply_count":0,"_bbp_voice_count":0,"_bbp_anonymous_reply_count":0,"_bbp_topic_count_hidden":0,"_bbp_reply_count_hidden":0,"_bbp_forum_subforum_count":0,"footnotes":""},"categories":[113,111,1,29,89],"tags":[],"class_list":["post-6216","post","type-post","status-publish","format-standard","has-post-thumbnail","hentry","category-e-infantil","category-escola-porcel-de-cervera","category-general","category-portada","category-primaria"],"post_mailing_queue_ids":[],"_links":{"self":[{"href":"https:\/\/agora.xtec.cat\/zer-pedrera\/wp-json\/wp\/v2\/posts\/6216","targetHints":{"allow":["GET"]}}],"collection":[{"href":"https:\/\/agora.xtec.cat\/zer-pedrera\/wp-json\/wp\/v2\/posts"}],"about":[{"href":"https:\/\/agora.xtec.cat\/zer-pedrera\/wp-json\/wp\/v2\/types\/post"}],"author":[{"embeddable":true,"href":"https:\/\/agora.xtec.cat\/zer-pedrera\/wp-json\/wp\/v2\/users\/1"}],"replies":[{"embeddable":true,"href":"https:\/\/agora.xtec.cat\/zer-pedrera\/wp-json\/wp\/v2\/comments?post=6216"}],"version-history":[{"count":3,"href":"https:\/\/agora.xtec.cat\/zer-pedrera\/wp-json\/wp\/v2\/posts\/6216\/revisions"}],"predecessor-version":[{"id":6223,"href":"https:\/\/agora.xtec.cat\/zer-pedrera\/wp-json\/wp\/v2\/posts\/6216\/revisions\/6223"}],"wp:featuredmedia":[{"embeddable":true,"href":"https:\/\/agora.xtec.cat\/zer-pedrera\/wp-json\/wp\/v2\/media\/6224"}],"wp:attachment":[{"href":"https:\/\/agora.xtec.cat\/zer-pedrera\/wp-json\/wp\/v2\/media?parent=6216"}],"wp:term":[{"taxonomy":"category","embeddable":true,"href":"https:\/\/agora.xtec.cat\/zer-pedrera\/wp-json\/wp\/v2\/categories?post=6216"},{"taxonomy":"post_tag","embeddable":true,"href":"https:\/\/agora.xtec.cat\/zer-pedrera\/wp-json\/wp\/v2\/tags?post=6216"}],"curies":[{"name":"wp","href":"https:\/\/api.w.org\/{rel}","templated":true}]}}