{"id":6192,"date":"2022-11-07T14:33:51","date_gmt":"2022-11-07T13:33:51","guid":{"rendered":"https:\/\/agora.xtec.cat\/zer-pedrera\/?p=6192"},"modified":"2022-11-10T23:19:27","modified_gmt":"2022-11-10T22:19:27","slug":"aniversari-aliona-4","status":"publish","type":"post","link":"https:\/\/agora.xtec.cat\/zer-pedrera\/escola-porcel-de-cervera\/aniversari-aliona-4\/","title":{"rendered":"Aniversari Aliona"},"content":{"rendered":"<p>El passat 18 d&#8217;octubre la nostra companya Aliona va celebrar el seu aniversari. Com ja \u00e9s tradicional a l&#8217;escola, ens va regalar un llibre molt divertit per la biblioteca d&#8217;aula. Nosaltres per agrair-li, i que tingu\u00e9s un record nostre, li vam preparar una postal amb dibuixos i dedicat\u00f2ries fetes per tots els alumnes. Esperem que t&#8217;agrad\u00e9s molt. Moltes gr\u00e0cies Aliona i felicitats de part de tota l&#8217;escola.<\/p>\n<p>Si voleu veure m\u00e9s fotos divertides del dia, cliqueu <a href=\"https:\/\/photos.app.goo.gl\/BeqCcR6af7mbLDCg7\">AQU\u00cd<\/a><\/p>\n<p><a href=\"https:\/\/agora.xtec.cat\/zer-pedrera\/wp-content\/uploads\/usu1473\/2022\/11\/Aliona.jpg\"><img loading=\"lazy\" decoding=\"async\" class=\"wp-image-6196 aligncenter\" src=\"https:\/\/agora.xtec.cat\/zer-pedrera\/wp-content\/uploads\/usu1473\/2022\/11\/Aliona-759x1024.jpg\" alt=\"\" width=\"324\" height=\"437\" srcset=\"https:\/\/agora.xtec.cat\/zer-pedrera\/wp-content\/uploads\/usu1473\/2022\/11\/Aliona-759x1024.jpg 759w, https:\/\/agora.xtec.cat\/zer-pedrera\/wp-content\/uploads\/usu1473\/2022\/11\/Aliona-222x300.jpg 222w, https:\/\/agora.xtec.cat\/zer-pedrera\/wp-content\/uploads\/usu1473\/2022\/11\/Aliona-768x1036.jpg 768w, https:\/\/agora.xtec.cat\/zer-pedrera\/wp-content\/uploads\/usu1473\/2022\/11\/Aliona-1138x1536.jpg 1138w, https:\/\/agora.xtec.cat\/zer-pedrera\/wp-content\/uploads\/usu1473\/2022\/11\/Aliona.jpg 1156w\" sizes=\"auto, (max-width: 324px) 100vw, 324px\" \/><\/a><\/p>\n<p>&nbsp;<\/p>\n<p>&nbsp;<\/p>\n<p>&nbsp;<\/p>\n<p>&nbsp;<\/p>\n","protected":false},"excerpt":{"rendered":"<p>El passat 18 d&#8217;octubre la nostra companya Aliona va celebrar el seu aniversari. Com ja \u00e9s tradicional a l&#8217;escola, ens va regalar un llibre molt divertit per la biblioteca d&#8217;aula. Nosaltres per agrair-li, i que tingu\u00e9s un record nostre, li vam preparar una postal amb&hellip;  <a href=\"https:\/\/agora.xtec.cat\/zer-pedrera\/escola-porcel-de-cervera\/aniversari-aliona-4\/\" title=\"Read Aniversari Aliona\">Llegeix m\u00e9s\u00bb<\/a><\/p>\n","protected":false},"author":1,"featured_media":6196,"comment_status":"open","ping_status":"closed","sticky":false,"template":"","format":"standard","meta":{"_bbp_topic_count":0,"_bbp_reply_count":0,"_bbp_total_topic_count":0,"_bbp_total_reply_count":0,"_bbp_voice_count":0,"_bbp_anonymous_reply_count":0,"_bbp_topic_count_hidden":0,"_bbp_reply_count_hidden":0,"_bbp_forum_subforum_count":0,"footnotes":""},"categories":[146,111],"tags":[],"class_list":["post-6192","post","type-post","status-publish","format-standard","has-post-thumbnail","hentry","category-aniversaris","category-escola-porcel-de-cervera"],"post_mailing_queue_ids":[],"_links":{"self":[{"href":"https:\/\/agora.xtec.cat\/zer-pedrera\/wp-json\/wp\/v2\/posts\/6192","targetHints":{"allow":["GET"]}}],"collection":[{"href":"https:\/\/agora.xtec.cat\/zer-pedrera\/wp-json\/wp\/v2\/posts"}],"about":[{"href":"https:\/\/agora.xtec.cat\/zer-pedrera\/wp-json\/wp\/v2\/types\/post"}],"author":[{"embeddable":true,"href":"https:\/\/agora.xtec.cat\/zer-pedrera\/wp-json\/wp\/v2\/users\/1"}],"replies":[{"embeddable":true,"href":"https:\/\/agora.xtec.cat\/zer-pedrera\/wp-json\/wp\/v2\/comments?post=6192"}],"version-history":[{"count":4,"href":"https:\/\/agora.xtec.cat\/zer-pedrera\/wp-json\/wp\/v2\/posts\/6192\/revisions"}],"predecessor-version":[{"id":6209,"href":"https:\/\/agora.xtec.cat\/zer-pedrera\/wp-json\/wp\/v2\/posts\/6192\/revisions\/6209"}],"wp:featuredmedia":[{"embeddable":true,"href":"https:\/\/agora.xtec.cat\/zer-pedrera\/wp-json\/wp\/v2\/media\/6196"}],"wp:attachment":[{"href":"https:\/\/agora.xtec.cat\/zer-pedrera\/wp-json\/wp\/v2\/media?parent=6192"}],"wp:term":[{"taxonomy":"category","embeddable":true,"href":"https:\/\/agora.xtec.cat\/zer-pedrera\/wp-json\/wp\/v2\/categories?post=6192"},{"taxonomy":"post_tag","embeddable":true,"href":"https:\/\/agora.xtec.cat\/zer-pedrera\/wp-json\/wp\/v2\/tags?post=6192"}],"curies":[{"name":"wp","href":"https:\/\/api.w.org\/{rel}","templated":true}]}}