{"id":6166,"date":"2022-11-06T17:58:31","date_gmt":"2022-11-06T16:58:31","guid":{"rendered":"https:\/\/agora.xtec.cat\/zer-pedrera\/?p=6166"},"modified":"2022-11-06T17:58:31","modified_gmt":"2022-11-06T16:58:31","slug":"escola-abat-ruera-hora-del-conte","status":"publish","type":"post","link":"https:\/\/agora.xtec.cat\/zer-pedrera\/portada\/escola-abat-ruera-hora-del-conte\/","title":{"rendered":"Escola Abat Ruera. Hora del conte"},"content":{"rendered":"<p>Enguany tenim el privilegi de comptar a l&#8217;escola amb una contacontes professional. Cada dilluns ens explica un conte als alumnes m\u00e9s petits de l&#8217;escola, els d&#8217;Educaci\u00f3 Infantil, i els divendres als alumnes d&#8217;Educaci\u00f3 Prim\u00e0ria. Amb aquesta activitat es treballa l&#8217;expressi\u00f3 oral, l&#8217;atenci\u00f3, la comprensi\u00f3, la motivaci\u00f3 per la lectura&#8230; I el m\u00e9s important de tot \u00e9s que els nostres alumnes s&#8217;ho passen d&#8217;all\u00f2 m\u00e9s b\u00e9!!!<\/p>\n<p style=\"text-align: center;\"><a href=\"https:\/\/photos.app.goo.gl\/SyF5597Zvvx8aHzNA\" target=\"_blank\" rel=\"noopener\"><img loading=\"lazy\" decoding=\"async\" class=\"alignnone size-full wp-image-6167\" src=\"https:\/\/agora.xtec.cat\/zer-pedrera\/wp-content\/uploads\/usu1473\/2022\/11\/1666643065774.jpg\" alt=\"\" width=\"591\" height=\"443\" srcset=\"https:\/\/agora.xtec.cat\/zer-pedrera\/wp-content\/uploads\/usu1473\/2022\/11\/1666643065774.jpg 591w, https:\/\/agora.xtec.cat\/zer-pedrera\/wp-content\/uploads\/usu1473\/2022\/11\/1666643065774-300x225.jpg 300w, https:\/\/agora.xtec.cat\/zer-pedrera\/wp-content\/uploads\/usu1473\/2022\/11\/1666643065774-200x150.jpg 200w\" sizes=\"auto, (max-width: 591px) 100vw, 591px\" \/><\/a><\/p>\n","protected":false},"excerpt":{"rendered":"<p>Enguany tenim el privilegi de comptar a l&#8217;escola amb una contacontes professional. Cada dilluns ens explica un conte als alumnes m\u00e9s petits de l&#8217;escola, els d&#8217;Educaci\u00f3 Infantil, i els divendres als alumnes d&#8217;Educaci\u00f3 Prim\u00e0ria. Amb aquesta activitat es treballa l&#8217;expressi\u00f3 oral, l&#8217;atenci\u00f3, la comprensi\u00f3, la&hellip;  <a href=\"https:\/\/agora.xtec.cat\/zer-pedrera\/portada\/escola-abat-ruera-hora-del-conte\/\" title=\"Read Escola Abat Ruera. Hora del conte\">Llegeix m\u00e9s\u00bb<\/a><\/p>\n","protected":false},"author":1,"featured_media":6167,"comment_status":"open","ping_status":"closed","sticky":false,"template":"","format":"standard","meta":{"_bbp_topic_count":0,"_bbp_reply_count":0,"_bbp_total_topic_count":0,"_bbp_total_reply_count":0,"_bbp_voice_count":0,"_bbp_anonymous_reply_count":0,"_bbp_topic_count_hidden":0,"_bbp_reply_count_hidden":0,"_bbp_forum_subforum_count":0,"footnotes":""},"categories":[125,113,110,29,89,120],"tags":[],"class_list":["post-6166","post","type-post","status-publish","format-standard","has-post-thumbnail","hentry","category-catala","category-e-infantil","category-escola-abat-ruera","category-portada","category-primaria","category-projectes"],"post_mailing_queue_ids":[],"_links":{"self":[{"href":"https:\/\/agora.xtec.cat\/zer-pedrera\/wp-json\/wp\/v2\/posts\/6166","targetHints":{"allow":["GET"]}}],"collection":[{"href":"https:\/\/agora.xtec.cat\/zer-pedrera\/wp-json\/wp\/v2\/posts"}],"about":[{"href":"https:\/\/agora.xtec.cat\/zer-pedrera\/wp-json\/wp\/v2\/types\/post"}],"author":[{"embeddable":true,"href":"https:\/\/agora.xtec.cat\/zer-pedrera\/wp-json\/wp\/v2\/users\/1"}],"replies":[{"embeddable":true,"href":"https:\/\/agora.xtec.cat\/zer-pedrera\/wp-json\/wp\/v2\/comments?post=6166"}],"version-history":[{"count":1,"href":"https:\/\/agora.xtec.cat\/zer-pedrera\/wp-json\/wp\/v2\/posts\/6166\/revisions"}],"predecessor-version":[{"id":6168,"href":"https:\/\/agora.xtec.cat\/zer-pedrera\/wp-json\/wp\/v2\/posts\/6166\/revisions\/6168"}],"wp:featuredmedia":[{"embeddable":true,"href":"https:\/\/agora.xtec.cat\/zer-pedrera\/wp-json\/wp\/v2\/media\/6167"}],"wp:attachment":[{"href":"https:\/\/agora.xtec.cat\/zer-pedrera\/wp-json\/wp\/v2\/media?parent=6166"}],"wp:term":[{"taxonomy":"category","embeddable":true,"href":"https:\/\/agora.xtec.cat\/zer-pedrera\/wp-json\/wp\/v2\/categories?post=6166"},{"taxonomy":"post_tag","embeddable":true,"href":"https:\/\/agora.xtec.cat\/zer-pedrera\/wp-json\/wp\/v2\/tags?post=6166"}],"curies":[{"name":"wp","href":"https:\/\/api.w.org\/{rel}","templated":true}]}}