{"id":6139,"date":"2022-10-30T17:44:47","date_gmt":"2022-10-30T16:44:47","guid":{"rendered":"https:\/\/agora.xtec.cat\/zer-pedrera\/?p=6139"},"modified":"2022-10-31T12:41:53","modified_gmt":"2022-10-31T11:41:53","slug":"sortim-a-buscar-caragols-ei-escola-porcel-de-cervera","status":"publish","type":"post","link":"https:\/\/agora.xtec.cat\/zer-pedrera\/portada\/sortim-a-buscar-caragols-ei-escola-porcel-de-cervera\/","title":{"rendered":"Sortim a buscar caragols. EI escola Porcel de Cervera."},"content":{"rendered":"<p>El dijous dins de l&#8217;\u00e0rea de descoberta d&#8217;un mateix, els petits de l&#8217;escola vam treballar el tra\u00e7 de l&#8217;espiral. Per comen\u00e7ar, vam explicar el conte &#8220;El cargol i l&#8217;herba de poniol&#8221;, i vam parlar de que la seva closca tenia dibuixada una espiral.<\/p>\n<p>Els vaig proposar d&#8217;anar-ne a buscar al pati, i com que al pati no n&#8217;hi havia, vam apropar-nos al parc a veure si all\u00e0 ten\u00edem m\u00e9s sort. Amb l&#8217;ajuda d&#8217;en Jaume, l&#8217;agutzil, en vam trobar per a tots. Mentre busc\u00e0vem pel parc, vam trobar castanyes bordes i nous, i sabeu qu\u00e8? doncs que a la gespa de les piscines tamb\u00e9 hi havia castanyes i en vam recollir un munt que posteriorment\u00a0 podrem utilitzar per a realitzar activitats a l&#8217;escola.<\/p>\n<p>Si en voleu veure les fotografies, cliqueu en la imatge.<\/p>\n<p style=\"text-align: center;\"><a href=\"https:\/\/photos.app.goo.gl\/fCCtT8YTWq4d2JS57\"><img loading=\"lazy\" decoding=\"async\" class=\"alignnone size-full wp-image-6140\" src=\"https:\/\/agora.xtec.cat\/zer-pedrera\/wp-content\/uploads\/usu1473\/2022\/10\/1-5.jpg\" alt=\"\" width=\"682\" height=\"384\" srcset=\"https:\/\/agora.xtec.cat\/zer-pedrera\/wp-content\/uploads\/usu1473\/2022\/10\/1-5.jpg 682w, https:\/\/agora.xtec.cat\/zer-pedrera\/wp-content\/uploads\/usu1473\/2022\/10\/1-5-300x169.jpg 300w\" sizes=\"auto, (max-width: 682px) 100vw, 682px\" \/><\/a><\/p>\n","protected":false},"excerpt":{"rendered":"<p>El dijous dins de l&#8217;\u00e0rea de descoberta d&#8217;un mateix, els petits de l&#8217;escola vam treballar el tra\u00e7 de l&#8217;espiral. Per comen\u00e7ar, vam explicar el conte &#8220;El cargol i l&#8217;herba de poniol&#8221;, i vam parlar de que la seva closca tenia dibuixada una espiral.<br \/>\nEls vaig proposar&hellip;  <a href=\"https:\/\/agora.xtec.cat\/zer-pedrera\/portada\/sortim-a-buscar-caragols-ei-escola-porcel-de-cervera\/\" title=\"Read Sortim a buscar caragols. EI escola Porcel de Cervera.\">Llegeix m\u00e9s\u00bb<\/a><\/p>\n","protected":false},"author":1,"featured_media":6140,"comment_status":"open","ping_status":"closed","sticky":false,"template":"","format":"standard","meta":{"_bbp_topic_count":0,"_bbp_reply_count":0,"_bbp_total_topic_count":0,"_bbp_total_reply_count":0,"_bbp_voice_count":0,"_bbp_anonymous_reply_count":0,"_bbp_topic_count_hidden":0,"_bbp_reply_count_hidden":0,"_bbp_forum_subforum_count":0,"footnotes":""},"categories":[113,111,29],"tags":[],"class_list":["post-6139","post","type-post","status-publish","format-standard","has-post-thumbnail","hentry","category-e-infantil","category-escola-porcel-de-cervera","category-portada"],"post_mailing_queue_ids":[],"_links":{"self":[{"href":"https:\/\/agora.xtec.cat\/zer-pedrera\/wp-json\/wp\/v2\/posts\/6139","targetHints":{"allow":["GET"]}}],"collection":[{"href":"https:\/\/agora.xtec.cat\/zer-pedrera\/wp-json\/wp\/v2\/posts"}],"about":[{"href":"https:\/\/agora.xtec.cat\/zer-pedrera\/wp-json\/wp\/v2\/types\/post"}],"author":[{"embeddable":true,"href":"https:\/\/agora.xtec.cat\/zer-pedrera\/wp-json\/wp\/v2\/users\/1"}],"replies":[{"embeddable":true,"href":"https:\/\/agora.xtec.cat\/zer-pedrera\/wp-json\/wp\/v2\/comments?post=6139"}],"version-history":[{"count":3,"href":"https:\/\/agora.xtec.cat\/zer-pedrera\/wp-json\/wp\/v2\/posts\/6139\/revisions"}],"predecessor-version":[{"id":6149,"href":"https:\/\/agora.xtec.cat\/zer-pedrera\/wp-json\/wp\/v2\/posts\/6139\/revisions\/6149"}],"wp:featuredmedia":[{"embeddable":true,"href":"https:\/\/agora.xtec.cat\/zer-pedrera\/wp-json\/wp\/v2\/media\/6140"}],"wp:attachment":[{"href":"https:\/\/agora.xtec.cat\/zer-pedrera\/wp-json\/wp\/v2\/media?parent=6139"}],"wp:term":[{"taxonomy":"category","embeddable":true,"href":"https:\/\/agora.xtec.cat\/zer-pedrera\/wp-json\/wp\/v2\/categories?post=6139"},{"taxonomy":"post_tag","embeddable":true,"href":"https:\/\/agora.xtec.cat\/zer-pedrera\/wp-json\/wp\/v2\/tags?post=6139"}],"curies":[{"name":"wp","href":"https:\/\/api.w.org\/{rel}","templated":true}]}}