{"id":6135,"date":"2022-10-27T20:20:43","date_gmt":"2022-10-27T18:20:43","guid":{"rendered":"https:\/\/agora.xtec.cat\/zer-pedrera\/?p=6135"},"modified":"2022-10-27T20:20:43","modified_gmt":"2022-10-27T18:20:43","slug":"escola-abat-ruera-land-art","status":"publish","type":"post","link":"https:\/\/agora.xtec.cat\/zer-pedrera\/general\/escola-abat-ruera-land-art\/","title":{"rendered":"Escola Abat Ruera. Land Art"},"content":{"rendered":"<p>Aquest dijous dia 27 d&#8217;octubre els alumnes de l&#8217;escola Abat Ruera hem dedicat tota la tarda a treballar la tardor des d&#8217;un enfocament mediambiental.<\/p>\n<p>La primera activitat ha girat entorn del corrent art\u00edstic &#8220;Land Art&#8221;.\u00a0 Aquest va sorgir a finals de la d\u00e8cada de 1960 i principis de la de 1970. El seu objectiu \u00e9s que el paisatge i l&#8217;obra s&#8217;uneixin creant una obra art\u00edstica.\u00a0Els materials utilitzats acostumen a ser\u00a0naturals com pedres, fulles, flors, branques&#8230;<\/p>\n<p>La segona activitat est\u00e0 relacionada amb la jornada familiar del dissabte 22 d&#8217;octubre. No va donar temps de ficar olives en conserva i s&#8217;ha decidit fer-ho avui.<\/p>\n<p>Per veure m\u00e9s fotografies clicar damunt de les imatges. Espero que gaudiu tant com nosaltres!!!<\/p>\n<p><a href=\"https:\/\/photos.app.goo.gl\/myrQaQSChQkG95sn8\" target=\"_blank\" rel=\"noopener\"><img loading=\"lazy\" decoding=\"async\" class=\"wp-image-6136 alignleft\" src=\"https:\/\/agora.xtec.cat\/zer-pedrera\/wp-content\/uploads\/usu1473\/2022\/10\/1666889518214-768x1024.jpg\" alt=\"\" width=\"275\" height=\"367\" srcset=\"https:\/\/agora.xtec.cat\/zer-pedrera\/wp-content\/uploads\/usu1473\/2022\/10\/1666889518214-768x1024.jpg 768w, https:\/\/agora.xtec.cat\/zer-pedrera\/wp-content\/uploads\/usu1473\/2022\/10\/1666889518214-225x300.jpg 225w, https:\/\/agora.xtec.cat\/zer-pedrera\/wp-content\/uploads\/usu1473\/2022\/10\/1666889518214-1152x1536.jpg 1152w, https:\/\/agora.xtec.cat\/zer-pedrera\/wp-content\/uploads\/usu1473\/2022\/10\/1666889518214.jpg 1200w\" sizes=\"auto, (max-width: 275px) 100vw, 275px\" \/>\u00a0\u00a0\u00a0\u00a0\u00a0\u00a0\u00a0\u00a0\u00a0\u00a0\u00a0\u00a0\u00a0\u00a0 <\/a><a href=\"https:\/\/photos.app.goo.gl\/G885mkryhBXE69XNA\" target=\"_blank\" rel=\"noopener\"><img loading=\"lazy\" decoding=\"async\" class=\"wp-image-6137 alignleft\" src=\"https:\/\/agora.xtec.cat\/zer-pedrera\/wp-content\/uploads\/usu1473\/2022\/10\/1666889420507.jpg\" alt=\"\" width=\"276\" height=\"368\" srcset=\"https:\/\/agora.xtec.cat\/zer-pedrera\/wp-content\/uploads\/usu1473\/2022\/10\/1666889420507.jpg 443w, https:\/\/agora.xtec.cat\/zer-pedrera\/wp-content\/uploads\/usu1473\/2022\/10\/1666889420507-225x300.jpg 225w\" sizes=\"auto, (max-width: 276px) 100vw, 276px\" \/><\/a><\/p>\n","protected":false},"excerpt":{"rendered":"<p>Aquest dijous dia 27 d&#8217;octubre els alumnes de l&#8217;escola Abat Ruera hem dedicat tota la tarda a treballar la tardor des d&#8217;un enfocament mediambiental.<br \/>\nLa primera activitat ha girat entorn del corrent art\u00edstic &#8220;Land Art&#8221;.\u00a0 Aquest va sorgir a finals de la d\u00e8cada de 1960 i&hellip;  <a href=\"https:\/\/agora.xtec.cat\/zer-pedrera\/general\/escola-abat-ruera-land-art\/\" title=\"Read Escola Abat Ruera. Land Art\">Llegeix m\u00e9s\u00bb<\/a><\/p>\n","protected":false},"author":1,"featured_media":6137,"comment_status":"open","ping_status":"closed","sticky":false,"template":"","format":"standard","meta":{"_bbp_topic_count":0,"_bbp_reply_count":0,"_bbp_total_topic_count":0,"_bbp_total_reply_count":0,"_bbp_voice_count":0,"_bbp_anonymous_reply_count":0,"_bbp_topic_count_hidden":0,"_bbp_reply_count_hidden":0,"_bbp_forum_subforum_count":0,"footnotes":""},"categories":[113,110,1,116,119,29,89,120],"tags":[],"class_list":["post-6135","post","type-post","status-publish","format-standard","has-post-thumbnail","hentry","category-e-infantil","category-escola-abat-ruera","category-general","category-medi","category-plastica","category-portada","category-primaria","category-projectes"],"post_mailing_queue_ids":[],"_links":{"self":[{"href":"https:\/\/agora.xtec.cat\/zer-pedrera\/wp-json\/wp\/v2\/posts\/6135","targetHints":{"allow":["GET"]}}],"collection":[{"href":"https:\/\/agora.xtec.cat\/zer-pedrera\/wp-json\/wp\/v2\/posts"}],"about":[{"href":"https:\/\/agora.xtec.cat\/zer-pedrera\/wp-json\/wp\/v2\/types\/post"}],"author":[{"embeddable":true,"href":"https:\/\/agora.xtec.cat\/zer-pedrera\/wp-json\/wp\/v2\/users\/1"}],"replies":[{"embeddable":true,"href":"https:\/\/agora.xtec.cat\/zer-pedrera\/wp-json\/wp\/v2\/comments?post=6135"}],"version-history":[{"count":1,"href":"https:\/\/agora.xtec.cat\/zer-pedrera\/wp-json\/wp\/v2\/posts\/6135\/revisions"}],"predecessor-version":[{"id":6138,"href":"https:\/\/agora.xtec.cat\/zer-pedrera\/wp-json\/wp\/v2\/posts\/6135\/revisions\/6138"}],"wp:featuredmedia":[{"embeddable":true,"href":"https:\/\/agora.xtec.cat\/zer-pedrera\/wp-json\/wp\/v2\/media\/6137"}],"wp:attachment":[{"href":"https:\/\/agora.xtec.cat\/zer-pedrera\/wp-json\/wp\/v2\/media?parent=6135"}],"wp:term":[{"taxonomy":"category","embeddable":true,"href":"https:\/\/agora.xtec.cat\/zer-pedrera\/wp-json\/wp\/v2\/categories?post=6135"},{"taxonomy":"post_tag","embeddable":true,"href":"https:\/\/agora.xtec.cat\/zer-pedrera\/wp-json\/wp\/v2\/tags?post=6135"}],"curies":[{"name":"wp","href":"https:\/\/api.w.org\/{rel}","templated":true}]}}