{"id":6132,"date":"2022-10-27T19:20:09","date_gmt":"2022-10-27T17:20:09","guid":{"rendered":"https:\/\/agora.xtec.cat\/zer-pedrera\/?p=6132"},"modified":"2022-10-27T19:20:09","modified_gmt":"2022-10-27T17:20:09","slug":"escola-abat-ruera-eclipse-solar","status":"publish","type":"post","link":"https:\/\/agora.xtec.cat\/zer-pedrera\/general\/escola-abat-ruera-eclipse-solar\/","title":{"rendered":"Escola Abat Ruera. Eclipse solar"},"content":{"rendered":"<p>Aquest dimarts dia 25 d&#8217;octubre els alumnes de l&#8217;escola Abat Ruera han pogut gaudir de l&#8217;espectacle de l&#8217;eclipsi parcial de Sol que s&#8217;ha pogut veure t\u00edmidament a Catalunya durant el mat\u00ed.\u00a0 Per produir-se un eclipsi de Sol cal una alineaci\u00f3 quasi perfecta a l&#8217;espai entre la Terra, la Lluna i el Sol, amb la Lluna interposant-se entre Terra i Sol. El m\u00e9s freq\u00fcent \u00e9s que la Lluna no tapi del tot el Sol, i tinguem un eclipsi parcial, que \u00e9s el que han pogut gaudir els nostres alumnes.<\/p>\n<p style=\"text-align: center;\"><a href=\"https:\/\/agora.xtec.cat\/zer-pedrera\/wp-content\/uploads\/usu1473\/2022\/10\/1666781131059.jpg\"><img loading=\"lazy\" decoding=\"async\" class=\"alignnone size-full wp-image-6133\" src=\"https:\/\/agora.xtec.cat\/zer-pedrera\/wp-content\/uploads\/usu1473\/2022\/10\/1666781131059.jpg\" alt=\"\" width=\"468\" height=\"559\" srcset=\"https:\/\/agora.xtec.cat\/zer-pedrera\/wp-content\/uploads\/usu1473\/2022\/10\/1666781131059.jpg 468w, https:\/\/agora.xtec.cat\/zer-pedrera\/wp-content\/uploads\/usu1473\/2022\/10\/1666781131059-251x300.jpg 251w\" sizes=\"auto, (max-width: 468px) 100vw, 468px\" \/><\/a><\/p>\n","protected":false},"excerpt":{"rendered":"<p>Aquest dimarts dia 25 d&#8217;octubre els alumnes de l&#8217;escola Abat Ruera han pogut gaudir de l&#8217;espectacle de l&#8217;eclipsi parcial de Sol que s&#8217;ha pogut veure t\u00edmidament a Catalunya durant el mat\u00ed.\u00a0 Per produir-se un eclipsi de Sol cal una alineaci\u00f3 quasi perfecta a l&#8217;espai entre&hellip;  <a href=\"https:\/\/agora.xtec.cat\/zer-pedrera\/general\/escola-abat-ruera-eclipse-solar\/\" title=\"Read Escola Abat Ruera. Eclipse solar\">Llegeix m\u00e9s\u00bb<\/a><\/p>\n","protected":false},"author":1,"featured_media":6133,"comment_status":"open","ping_status":"closed","sticky":false,"template":"","format":"standard","meta":{"_bbp_topic_count":0,"_bbp_reply_count":0,"_bbp_total_topic_count":0,"_bbp_total_reply_count":0,"_bbp_voice_count":0,"_bbp_anonymous_reply_count":0,"_bbp_topic_count_hidden":0,"_bbp_reply_count_hidden":0,"_bbp_forum_subforum_count":0,"footnotes":""},"categories":[110,1,116,29,89],"tags":[],"class_list":["post-6132","post","type-post","status-publish","format-standard","has-post-thumbnail","hentry","category-escola-abat-ruera","category-general","category-medi","category-portada","category-primaria"],"post_mailing_queue_ids":[],"_links":{"self":[{"href":"https:\/\/agora.xtec.cat\/zer-pedrera\/wp-json\/wp\/v2\/posts\/6132","targetHints":{"allow":["GET"]}}],"collection":[{"href":"https:\/\/agora.xtec.cat\/zer-pedrera\/wp-json\/wp\/v2\/posts"}],"about":[{"href":"https:\/\/agora.xtec.cat\/zer-pedrera\/wp-json\/wp\/v2\/types\/post"}],"author":[{"embeddable":true,"href":"https:\/\/agora.xtec.cat\/zer-pedrera\/wp-json\/wp\/v2\/users\/1"}],"replies":[{"embeddable":true,"href":"https:\/\/agora.xtec.cat\/zer-pedrera\/wp-json\/wp\/v2\/comments?post=6132"}],"version-history":[{"count":1,"href":"https:\/\/agora.xtec.cat\/zer-pedrera\/wp-json\/wp\/v2\/posts\/6132\/revisions"}],"predecessor-version":[{"id":6134,"href":"https:\/\/agora.xtec.cat\/zer-pedrera\/wp-json\/wp\/v2\/posts\/6132\/revisions\/6134"}],"wp:featuredmedia":[{"embeddable":true,"href":"https:\/\/agora.xtec.cat\/zer-pedrera\/wp-json\/wp\/v2\/media\/6133"}],"wp:attachment":[{"href":"https:\/\/agora.xtec.cat\/zer-pedrera\/wp-json\/wp\/v2\/media?parent=6132"}],"wp:term":[{"taxonomy":"category","embeddable":true,"href":"https:\/\/agora.xtec.cat\/zer-pedrera\/wp-json\/wp\/v2\/categories?post=6132"},{"taxonomy":"post_tag","embeddable":true,"href":"https:\/\/agora.xtec.cat\/zer-pedrera\/wp-json\/wp\/v2\/tags?post=6132"}],"curies":[{"name":"wp","href":"https:\/\/api.w.org\/{rel}","templated":true}]}}