{"id":6128,"date":"2022-10-23T23:02:37","date_gmt":"2022-10-23T21:02:37","guid":{"rendered":"https:\/\/agora.xtec.cat\/zer-pedrera\/?p=6128"},"modified":"2022-10-23T23:03:29","modified_gmt":"2022-10-23T21:03:29","slug":"escola-abat-ruera-petals-de-valors","status":"publish","type":"post","link":"https:\/\/agora.xtec.cat\/zer-pedrera\/general\/escola-abat-ruera-petals-de-valors\/","title":{"rendered":"Escola Abat Ruera. P\u00e8tals de valors"},"content":{"rendered":"<p>Tots els alumnes de l&#8217;escola Abat Ruera han elaborat aquest mural dins de l&#8217;\u00e0rea de valors i religi\u00f3. Primer de tot han recordat els valors que el curs passat s&#8217;havien treballat. A partir d&#8217;aqu\u00ed cada alumne ha escrit en un p\u00e8tal el m\u00e9s important per ells. Mireu quina composici\u00f3 m\u00e9s educativa ha quedat. Flors amb p\u00e8tals omplerts de valors!!!<\/p>\n<p style=\"text-align: center;\"><a href=\"https:\/\/agora.xtec.cat\/zer-pedrera\/wp-content\/uploads\/usu1473\/2022\/10\/1666377326018.jpeg\"><img loading=\"lazy\" decoding=\"async\" class=\"alignnone size-full wp-image-6129\" src=\"https:\/\/agora.xtec.cat\/zer-pedrera\/wp-content\/uploads\/usu1473\/2022\/10\/1666377326018.jpeg\" alt=\"\" width=\"724\" height=\"361\" srcset=\"https:\/\/agora.xtec.cat\/zer-pedrera\/wp-content\/uploads\/usu1473\/2022\/10\/1666377326018.jpeg 724w, https:\/\/agora.xtec.cat\/zer-pedrera\/wp-content\/uploads\/usu1473\/2022\/10\/1666377326018-300x150.jpeg 300w\" sizes=\"auto, (max-width: 724px) 100vw, 724px\" \/><\/a><\/p>\n","protected":false},"excerpt":{"rendered":"<p>Tots els alumnes de l&#8217;escola Abat Ruera han elaborat aquest mural dins de l&#8217;\u00e0rea de valors i religi\u00f3. Primer de tot han recordat els valors que el curs passat s&#8217;havien treballat. A partir d&#8217;aqu\u00ed cada alumne ha escrit en un p\u00e8tal el m\u00e9s important per&hellip;  <a href=\"https:\/\/agora.xtec.cat\/zer-pedrera\/general\/escola-abat-ruera-petals-de-valors\/\" title=\"Read Escola Abat Ruera. P\u00e8tals de valors\">Llegeix m\u00e9s\u00bb<\/a><\/p>\n","protected":false},"author":1,"featured_media":6129,"comment_status":"open","ping_status":"closed","sticky":false,"template":"","format":"standard","meta":{"_bbp_topic_count":0,"_bbp_reply_count":0,"_bbp_total_topic_count":0,"_bbp_total_reply_count":0,"_bbp_voice_count":0,"_bbp_anonymous_reply_count":0,"_bbp_topic_count_hidden":0,"_bbp_reply_count_hidden":0,"_bbp_forum_subforum_count":0,"footnotes":""},"categories":[113,145,110,1,29,89,121,122],"tags":[],"class_list":["post-6128","post","type-post","status-publish","format-standard","has-post-thumbnail","hentry","category-e-infantil","category-educacio-en-valors","category-escola-abat-ruera","category-general","category-portada","category-primaria","category-religio","category-valors"],"post_mailing_queue_ids":[],"_links":{"self":[{"href":"https:\/\/agora.xtec.cat\/zer-pedrera\/wp-json\/wp\/v2\/posts\/6128","targetHints":{"allow":["GET"]}}],"collection":[{"href":"https:\/\/agora.xtec.cat\/zer-pedrera\/wp-json\/wp\/v2\/posts"}],"about":[{"href":"https:\/\/agora.xtec.cat\/zer-pedrera\/wp-json\/wp\/v2\/types\/post"}],"author":[{"embeddable":true,"href":"https:\/\/agora.xtec.cat\/zer-pedrera\/wp-json\/wp\/v2\/users\/1"}],"replies":[{"embeddable":true,"href":"https:\/\/agora.xtec.cat\/zer-pedrera\/wp-json\/wp\/v2\/comments?post=6128"}],"version-history":[{"count":2,"href":"https:\/\/agora.xtec.cat\/zer-pedrera\/wp-json\/wp\/v2\/posts\/6128\/revisions"}],"predecessor-version":[{"id":6131,"href":"https:\/\/agora.xtec.cat\/zer-pedrera\/wp-json\/wp\/v2\/posts\/6128\/revisions\/6131"}],"wp:featuredmedia":[{"embeddable":true,"href":"https:\/\/agora.xtec.cat\/zer-pedrera\/wp-json\/wp\/v2\/media\/6129"}],"wp:attachment":[{"href":"https:\/\/agora.xtec.cat\/zer-pedrera\/wp-json\/wp\/v2\/media?parent=6128"}],"wp:term":[{"taxonomy":"category","embeddable":true,"href":"https:\/\/agora.xtec.cat\/zer-pedrera\/wp-json\/wp\/v2\/categories?post=6128"},{"taxonomy":"post_tag","embeddable":true,"href":"https:\/\/agora.xtec.cat\/zer-pedrera\/wp-json\/wp\/v2\/tags?post=6128"}],"curies":[{"name":"wp","href":"https:\/\/api.w.org\/{rel}","templated":true}]}}