{"id":6124,"date":"2022-10-23T22:43:02","date_gmt":"2022-10-23T20:43:02","guid":{"rendered":"https:\/\/agora.xtec.cat\/zer-pedrera\/?p=6124"},"modified":"2022-10-23T22:44:12","modified_gmt":"2022-10-23T20:44:12","slug":"escola-abat-ruera-jornada-familiar-lhort","status":"publish","type":"post","link":"https:\/\/agora.xtec.cat\/zer-pedrera\/general\/escola-abat-ruera-jornada-familiar-lhort\/","title":{"rendered":"Escola Abat Ruera. Jornada familiar; l&#8217;hort"},"content":{"rendered":"<p>El dia 22 d&#8217;octubre tota la comunitat educativa de l&#8217;Escola Abat Ruera ha gaudit d&#8217;una jornada de conviv\u00e8ncia amb l&#8217;objectiu de condicionar l&#8217;hort, per\u00f2 al final la conviv\u00e8ncia, el treball, l&#8217;esfor\u00e7 i la uni\u00f3 de comunitat han estat els elements principals de la jornada. Xocolatada, plantada d&#8217;una olivera i d&#8217;hortalisses i neteja dels bancals de l&#8217;hort han estat les tasques d&#8217;aquesta jornada.<br \/>\nDes del claustre de professors de l&#8217;escola Abat Ruera volem donar les gr\u00e0cies a les fam\u00edlies i els\/les alumnes per la seva implicaci\u00f3 que ha fet possible moments de germanor com el que hem viscut aquest dissabte. MOLTES GR\u00c0CIES!!! Per veure les fotografies de la jornada clicar damunt de la imatge.<\/p>\n<p style=\"text-align: center;\"><a href=\"https:\/\/photos.app.goo.gl\/8wxrqMnrdRjVux3G7\" target=\"_blank\" rel=\"noopener\"><img loading=\"lazy\" decoding=\"async\" class=\"alignnone size-full wp-image-6125\" src=\"https:\/\/agora.xtec.cat\/zer-pedrera\/wp-content\/uploads\/usu1473\/2022\/10\/1666453890409.jpg\" alt=\"\" width=\"460\" height=\"569\" srcset=\"https:\/\/agora.xtec.cat\/zer-pedrera\/wp-content\/uploads\/usu1473\/2022\/10\/1666453890409.jpg 460w, https:\/\/agora.xtec.cat\/zer-pedrera\/wp-content\/uploads\/usu1473\/2022\/10\/1666453890409-243x300.jpg 243w\" sizes=\"auto, (max-width: 460px) 100vw, 460px\" \/><\/a><\/p>\n","protected":false},"excerpt":{"rendered":"<p>El dia 22 d&#8217;octubre tota la comunitat educativa de l&#8217;Escola Abat Ruera ha gaudit d&#8217;una jornada de conviv\u00e8ncia amb l&#8217;objectiu de condicionar l&#8217;hort, per\u00f2 al final la conviv\u00e8ncia, el treball, l&#8217;esfor\u00e7 i la uni\u00f3 de comunitat han estat els elements principals de la jornada. Xocolatada,&hellip;  <a href=\"https:\/\/agora.xtec.cat\/zer-pedrera\/general\/escola-abat-ruera-jornada-familiar-lhort\/\" title=\"Read Escola Abat Ruera. Jornada familiar; l&#8217;hort\">Llegeix m\u00e9s\u00bb<\/a><\/p>\n","protected":false},"author":1,"featured_media":6125,"comment_status":"open","ping_status":"closed","sticky":false,"template":"","format":"standard","meta":{"_bbp_topic_count":0,"_bbp_reply_count":0,"_bbp_total_topic_count":0,"_bbp_total_reply_count":0,"_bbp_voice_count":0,"_bbp_anonymous_reply_count":0,"_bbp_topic_count_hidden":0,"_bbp_reply_count_hidden":0,"_bbp_forum_subforum_count":0,"footnotes":""},"categories":[113,110,1,114,116,29,89,120],"tags":[],"class_list":["post-6124","post","type-post","status-publish","format-standard","has-post-thumbnail","hentry","category-e-infantil","category-escola-abat-ruera","category-general","category-hort","category-medi","category-portada","category-primaria","category-projectes"],"post_mailing_queue_ids":[],"_links":{"self":[{"href":"https:\/\/agora.xtec.cat\/zer-pedrera\/wp-json\/wp\/v2\/posts\/6124","targetHints":{"allow":["GET"]}}],"collection":[{"href":"https:\/\/agora.xtec.cat\/zer-pedrera\/wp-json\/wp\/v2\/posts"}],"about":[{"href":"https:\/\/agora.xtec.cat\/zer-pedrera\/wp-json\/wp\/v2\/types\/post"}],"author":[{"embeddable":true,"href":"https:\/\/agora.xtec.cat\/zer-pedrera\/wp-json\/wp\/v2\/users\/1"}],"replies":[{"embeddable":true,"href":"https:\/\/agora.xtec.cat\/zer-pedrera\/wp-json\/wp\/v2\/comments?post=6124"}],"version-history":[{"count":2,"href":"https:\/\/agora.xtec.cat\/zer-pedrera\/wp-json\/wp\/v2\/posts\/6124\/revisions"}],"predecessor-version":[{"id":6127,"href":"https:\/\/agora.xtec.cat\/zer-pedrera\/wp-json\/wp\/v2\/posts\/6124\/revisions\/6127"}],"wp:featuredmedia":[{"embeddable":true,"href":"https:\/\/agora.xtec.cat\/zer-pedrera\/wp-json\/wp\/v2\/media\/6125"}],"wp:attachment":[{"href":"https:\/\/agora.xtec.cat\/zer-pedrera\/wp-json\/wp\/v2\/media?parent=6124"}],"wp:term":[{"taxonomy":"category","embeddable":true,"href":"https:\/\/agora.xtec.cat\/zer-pedrera\/wp-json\/wp\/v2\/categories?post=6124"},{"taxonomy":"post_tag","embeddable":true,"href":"https:\/\/agora.xtec.cat\/zer-pedrera\/wp-json\/wp\/v2\/tags?post=6124"}],"curies":[{"name":"wp","href":"https:\/\/api.w.org\/{rel}","templated":true}]}}