{"id":6117,"date":"2022-10-23T21:58:02","date_gmt":"2022-10-23T19:58:02","guid":{"rendered":"https:\/\/agora.xtec.cat\/zer-pedrera\/?p=6117"},"modified":"2022-10-23T22:05:23","modified_gmt":"2022-10-23T20:05:23","slug":"escola-abat-ruera-els-mossos-desquadra","status":"publish","type":"post","link":"https:\/\/agora.xtec.cat\/zer-pedrera\/general\/escola-abat-ruera-els-mossos-desquadra\/","title":{"rendered":"Escola Abat Ruera. Els Mossos d&#8217;Esquadra"},"content":{"rendered":"<p>Com cada curs escolar els mossos d&#8217;Esquadra ens han vingut a l&#8217;escola a fer-nos dos tallers. El primer d&#8217;ells ha estat pels alumnes d&#8217;Ed. Infantil i Cicle Inicial. &#8220;La petita hist\u00f2ria dels Mossos d&#8217;Esquadra&#8221; ens ha perm\u00e8s con\u00e8ixer les tasques que fan els mossos, la seva hist\u00f2ria i el seu present i futur. Tot aix\u00f2 partint d&#8217;un v\u00eddeo molt educatiu. Tot seguit hem anat al pati de l&#8217;escola i hem pogut pujar al cotxe dels mossos i vestir-nos com ells\/es!!! Ha estat molt i molt divertit!!! El segon taller ha estat pels alumnes de CM i CS. L&#8217;objectiu del &#8220;Taller del Respecte&#8221; ha estat fomentar un ambient de debat i reflexi\u00f3 sobre el respecte entre les persones per tal de prevenir conductes relacionades amb l&#8217;assetjament.<\/p>\n<p style=\"text-align: center;\"><a href=\"https:\/\/photos.app.goo.gl\/GW7A3hHNa3dE3Tf76\" target=\"_blank\" rel=\"noopener\"><img loading=\"lazy\" decoding=\"async\" class=\"wp-image-6118 alignleft\" src=\"https:\/\/agora.xtec.cat\/zer-pedrera\/wp-content\/uploads\/usu1473\/2022\/10\/Coches-Mossos-dEsquadra-3.jpg\" alt=\"\" width=\"411\" height=\"274\" srcset=\"https:\/\/agora.xtec.cat\/zer-pedrera\/wp-content\/uploads\/usu1473\/2022\/10\/Coches-Mossos-dEsquadra-3.jpg 626w, https:\/\/agora.xtec.cat\/zer-pedrera\/wp-content\/uploads\/usu1473\/2022\/10\/Coches-Mossos-dEsquadra-3-300x200.jpg 300w\" sizes=\"auto, (max-width: 411px) 100vw, 411px\" \/><\/a><\/p>\n<div style=\"text-align: left;\"><a href=\"https:\/\/agora.xtec.cat\/zer-pedrera\/wp-content\/uploads\/usu1473\/2022\/10\/1666554949484.jpg\"><img loading=\"lazy\" decoding=\"async\" class=\"wp-image-6119 alignleft\" src=\"https:\/\/agora.xtec.cat\/zer-pedrera\/wp-content\/uploads\/usu1473\/2022\/10\/1666554949484.jpg\" alt=\"\" width=\"291\" height=\"239\" srcset=\"https:\/\/agora.xtec.cat\/zer-pedrera\/wp-content\/uploads\/usu1473\/2022\/10\/1666554949484.jpg 564w, https:\/\/agora.xtec.cat\/zer-pedrera\/wp-content\/uploads\/usu1473\/2022\/10\/1666554949484-300x247.jpg 300w\" sizes=\"auto, (max-width: 291px) 100vw, 291px\" \/><\/a><\/div>\n<div style=\"text-align: center;\"><\/div>\n<div><\/div>\n<div>\n<div style=\"text-align: left;\"><\/div>\n<\/div>\n","protected":false},"excerpt":{"rendered":"<p>Com cada curs escolar els mossos d&#8217;Esquadra ens han vingut a l&#8217;escola a fer-nos dos tallers. El primer d&#8217;ells ha estat pels alumnes d&#8217;Ed. Infantil i Cicle Inicial. &#8220;La petita hist\u00f2ria dels Mossos d&#8217;Esquadra&#8221; ens ha perm\u00e8s con\u00e8ixer les tasques que fan els mossos, la&hellip;  <a href=\"https:\/\/agora.xtec.cat\/zer-pedrera\/general\/escola-abat-ruera-els-mossos-desquadra\/\" title=\"Read Escola Abat Ruera. Els Mossos d&#8217;Esquadra\">Llegeix m\u00e9s\u00bb<\/a><\/p>\n","protected":false},"author":1,"featured_media":6118,"comment_status":"open","ping_status":"closed","sticky":false,"template":"","format":"standard","meta":{"_bbp_topic_count":0,"_bbp_reply_count":0,"_bbp_total_topic_count":0,"_bbp_total_reply_count":0,"_bbp_voice_count":0,"_bbp_anonymous_reply_count":0,"_bbp_topic_count_hidden":0,"_bbp_reply_count_hidden":0,"_bbp_forum_subforum_count":0,"footnotes":""},"categories":[113,145,110,1,29,89,120],"tags":[],"class_list":["post-6117","post","type-post","status-publish","format-standard","has-post-thumbnail","hentry","category-e-infantil","category-educacio-en-valors","category-escola-abat-ruera","category-general","category-portada","category-primaria","category-projectes"],"post_mailing_queue_ids":[],"_links":{"self":[{"href":"https:\/\/agora.xtec.cat\/zer-pedrera\/wp-json\/wp\/v2\/posts\/6117","targetHints":{"allow":["GET"]}}],"collection":[{"href":"https:\/\/agora.xtec.cat\/zer-pedrera\/wp-json\/wp\/v2\/posts"}],"about":[{"href":"https:\/\/agora.xtec.cat\/zer-pedrera\/wp-json\/wp\/v2\/types\/post"}],"author":[{"embeddable":true,"href":"https:\/\/agora.xtec.cat\/zer-pedrera\/wp-json\/wp\/v2\/users\/1"}],"replies":[{"embeddable":true,"href":"https:\/\/agora.xtec.cat\/zer-pedrera\/wp-json\/wp\/v2\/comments?post=6117"}],"version-history":[{"count":3,"href":"https:\/\/agora.xtec.cat\/zer-pedrera\/wp-json\/wp\/v2\/posts\/6117\/revisions"}],"predecessor-version":[{"id":6123,"href":"https:\/\/agora.xtec.cat\/zer-pedrera\/wp-json\/wp\/v2\/posts\/6117\/revisions\/6123"}],"wp:featuredmedia":[{"embeddable":true,"href":"https:\/\/agora.xtec.cat\/zer-pedrera\/wp-json\/wp\/v2\/media\/6118"}],"wp:attachment":[{"href":"https:\/\/agora.xtec.cat\/zer-pedrera\/wp-json\/wp\/v2\/media?parent=6117"}],"wp:term":[{"taxonomy":"category","embeddable":true,"href":"https:\/\/agora.xtec.cat\/zer-pedrera\/wp-json\/wp\/v2\/categories?post=6117"},{"taxonomy":"post_tag","embeddable":true,"href":"https:\/\/agora.xtec.cat\/zer-pedrera\/wp-json\/wp\/v2\/tags?post=6117"}],"curies":[{"name":"wp","href":"https:\/\/api.w.org\/{rel}","templated":true}]}}