{"id":6089,"date":"2022-10-20T23:42:05","date_gmt":"2022-10-20T21:42:05","guid":{"rendered":"https:\/\/agora.xtec.cat\/zer-pedrera\/?p=6089"},"modified":"2022-10-20T23:42:05","modified_gmt":"2022-10-20T21:42:05","slug":"fem-magia-ei-escola-porcel-de-cervera","status":"publish","type":"post","link":"https:\/\/agora.xtec.cat\/zer-pedrera\/portada\/fem-magia-ei-escola-porcel-de-cervera\/","title":{"rendered":"Fem m\u00e0gia!!!! EI escola Porcel de Cervera."},"content":{"rendered":"<p>La setmana passada vam treballar, amb els petits de la classe, la grafia dels nombres. Ho vam fer a la pissarra: dibuix\u00e0vem els nombres amb guix, i les nenes i els nens, amb l&#8217;ajuda d&#8217;un pinzell i aigua, els feien desapar\u00e8ixer. Una activitat ben senzilla, per\u00f2 que els va agradar molt.<\/p>\n<p>Si en voleu veure les imatges cliqueu <a href=\"https:\/\/photos.app.goo.gl\/XrWbjyAfRbaJnTL28\">AQU\u00cd.<\/a><\/p>\n<p>&nbsp;<\/p>\n<p style=\"text-align: center;\"><a href=\"https:\/\/agora.xtec.cat\/zer-pedrera\/wp-content\/uploads\/usu1473\/2022\/10\/numerosMagicos.png\"><img loading=\"lazy\" decoding=\"async\" class=\"alignnone size-full wp-image-6092\" src=\"https:\/\/agora.xtec.cat\/zer-pedrera\/wp-content\/uploads\/usu1473\/2022\/10\/numerosMagicos.png\" alt=\"\" width=\"289\" height=\"316\" srcset=\"https:\/\/agora.xtec.cat\/zer-pedrera\/wp-content\/uploads\/usu1473\/2022\/10\/numerosMagicos.png 289w, https:\/\/agora.xtec.cat\/zer-pedrera\/wp-content\/uploads\/usu1473\/2022\/10\/numerosMagicos-274x300.png 274w\" sizes=\"auto, (max-width: 289px) 100vw, 289px\" \/><\/a><\/p>\n","protected":false},"excerpt":{"rendered":"<p>La setmana passada vam treballar, amb els petits de la classe, la grafia dels nombres. Ho vam fer a la pissarra: dibuix\u00e0vem els nombres amb guix, i les nenes i els nens, amb l&#8217;ajuda d&#8217;un pinzell i aigua, els feien desapar\u00e8ixer. Una activitat ben senzilla,&hellip;  <a href=\"https:\/\/agora.xtec.cat\/zer-pedrera\/portada\/fem-magia-ei-escola-porcel-de-cervera\/\" title=\"Read Fem m\u00e0gia!!!! EI escola Porcel de Cervera.\">Llegeix m\u00e9s\u00bb<\/a><\/p>\n","protected":false},"author":1,"featured_media":0,"comment_status":"open","ping_status":"closed","sticky":false,"template":"","format":"standard","meta":{"_bbp_topic_count":0,"_bbp_reply_count":0,"_bbp_total_topic_count":0,"_bbp_total_reply_count":0,"_bbp_voice_count":0,"_bbp_anonymous_reply_count":0,"_bbp_topic_count_hidden":0,"_bbp_reply_count_hidden":0,"_bbp_forum_subforum_count":0,"footnotes":""},"categories":[113,111,29,89],"tags":[],"class_list":["post-6089","post","type-post","status-publish","format-standard","hentry","category-e-infantil","category-escola-porcel-de-cervera","category-portada","category-primaria"],"post_mailing_queue_ids":[],"_links":{"self":[{"href":"https:\/\/agora.xtec.cat\/zer-pedrera\/wp-json\/wp\/v2\/posts\/6089","targetHints":{"allow":["GET"]}}],"collection":[{"href":"https:\/\/agora.xtec.cat\/zer-pedrera\/wp-json\/wp\/v2\/posts"}],"about":[{"href":"https:\/\/agora.xtec.cat\/zer-pedrera\/wp-json\/wp\/v2\/types\/post"}],"author":[{"embeddable":true,"href":"https:\/\/agora.xtec.cat\/zer-pedrera\/wp-json\/wp\/v2\/users\/1"}],"replies":[{"embeddable":true,"href":"https:\/\/agora.xtec.cat\/zer-pedrera\/wp-json\/wp\/v2\/comments?post=6089"}],"version-history":[{"count":2,"href":"https:\/\/agora.xtec.cat\/zer-pedrera\/wp-json\/wp\/v2\/posts\/6089\/revisions"}],"predecessor-version":[{"id":6102,"href":"https:\/\/agora.xtec.cat\/zer-pedrera\/wp-json\/wp\/v2\/posts\/6089\/revisions\/6102"}],"wp:attachment":[{"href":"https:\/\/agora.xtec.cat\/zer-pedrera\/wp-json\/wp\/v2\/media?parent=6089"}],"wp:term":[{"taxonomy":"category","embeddable":true,"href":"https:\/\/agora.xtec.cat\/zer-pedrera\/wp-json\/wp\/v2\/categories?post=6089"},{"taxonomy":"post_tag","embeddable":true,"href":"https:\/\/agora.xtec.cat\/zer-pedrera\/wp-json\/wp\/v2\/tags?post=6089"}],"curies":[{"name":"wp","href":"https:\/\/api.w.org\/{rel}","templated":true}]}}