{"id":6086,"date":"2022-10-20T23:43:56","date_gmt":"2022-10-20T21:43:56","guid":{"rendered":"https:\/\/agora.xtec.cat\/zer-pedrera\/?p=6086"},"modified":"2022-10-20T23:43:56","modified_gmt":"2022-10-20T21:43:56","slug":"treballem-la-combinatoria-ei-i-ci-escola-porcel-de-cervera","status":"publish","type":"post","link":"https:\/\/agora.xtec.cat\/zer-pedrera\/portada\/treballem-la-combinatoria-ei-i-ci-escola-porcel-de-cervera\/","title":{"rendered":"Treballem la combinat\u00f2ria. EI i CI escola Porcel de Cervera."},"content":{"rendered":"<p>En una activitat relacionada amb el treball dels contes que estem fent, ens ha sortit un n\u00famero del qual n&#8217;hem parlat for\u00e7a; aquest \u00e9s el 365. Hem vist que era el nombre de dies d&#8217;un any, n&#8217;hem anomenat les xifres i la posici\u00f3 que ocupava cada una d&#8217;elles,&#8230; i posteriorment hem treballat la combinat\u00f2ria. Amb l&#8217;ajuda d&#8217;uns taps hem anat veient que barrejant les xifres descobr\u00edem nous nombres. El treball l&#8217;hem realitzat en petits grups, i val a dir que han treballat amb moltes ganes.<\/p>\n<p>Si en voleu veure les imatges, cliqueu <a href=\"https:\/\/photos.app.goo.gl\/MsL9CbtLgWwJWdE3A\">AQU\u00cd.<\/a><\/p>\n<p>&nbsp;<\/p>\n<p style=\"text-align: center;\"><a href=\"https:\/\/agora.xtec.cat\/zer-pedrera\/wp-content\/uploads\/usu1473\/2022\/10\/1-2.jpg\"><img loading=\"lazy\" decoding=\"async\" class=\"alignnone wp-image-6087\" src=\"https:\/\/agora.xtec.cat\/zer-pedrera\/wp-content\/uploads\/usu1473\/2022\/10\/1-2.jpg\" alt=\"\" width=\"472\" height=\"266\" srcset=\"https:\/\/agora.xtec.cat\/zer-pedrera\/wp-content\/uploads\/usu1473\/2022\/10\/1-2.jpg 682w, https:\/\/agora.xtec.cat\/zer-pedrera\/wp-content\/uploads\/usu1473\/2022\/10\/1-2-300x169.jpg 300w\" sizes=\"auto, (max-width: 472px) 100vw, 472px\" \/><\/a><\/p>\n","protected":false},"excerpt":{"rendered":"<p>En una activitat relacionada amb el treball dels contes que estem fent, ens ha sortit un n\u00famero del qual n&#8217;hem parlat for\u00e7a; aquest \u00e9s el 365. Hem vist que era el nombre de dies d&#8217;un any, n&#8217;hem anomenat les xifres i la posici\u00f3 que ocupava&hellip;  <a href=\"https:\/\/agora.xtec.cat\/zer-pedrera\/portada\/treballem-la-combinatoria-ei-i-ci-escola-porcel-de-cervera\/\" title=\"Read Treballem la combinat\u00f2ria. EI i CI escola Porcel de Cervera.\">Llegeix m\u00e9s\u00bb<\/a><\/p>\n","protected":false},"author":1,"featured_media":6087,"comment_status":"open","ping_status":"closed","sticky":false,"template":"","format":"standard","meta":{"_bbp_topic_count":0,"_bbp_reply_count":0,"_bbp_total_topic_count":0,"_bbp_total_reply_count":0,"_bbp_voice_count":0,"_bbp_anonymous_reply_count":0,"_bbp_topic_count_hidden":0,"_bbp_reply_count_hidden":0,"_bbp_forum_subforum_count":0,"footnotes":""},"categories":[113,111,29,89],"tags":[],"class_list":["post-6086","post","type-post","status-publish","format-standard","has-post-thumbnail","hentry","category-e-infantil","category-escola-porcel-de-cervera","category-portada","category-primaria"],"post_mailing_queue_ids":[],"_links":{"self":[{"href":"https:\/\/agora.xtec.cat\/zer-pedrera\/wp-json\/wp\/v2\/posts\/6086","targetHints":{"allow":["GET"]}}],"collection":[{"href":"https:\/\/agora.xtec.cat\/zer-pedrera\/wp-json\/wp\/v2\/posts"}],"about":[{"href":"https:\/\/agora.xtec.cat\/zer-pedrera\/wp-json\/wp\/v2\/types\/post"}],"author":[{"embeddable":true,"href":"https:\/\/agora.xtec.cat\/zer-pedrera\/wp-json\/wp\/v2\/users\/1"}],"replies":[{"embeddable":true,"href":"https:\/\/agora.xtec.cat\/zer-pedrera\/wp-json\/wp\/v2\/comments?post=6086"}],"version-history":[{"count":2,"href":"https:\/\/agora.xtec.cat\/zer-pedrera\/wp-json\/wp\/v2\/posts\/6086\/revisions"}],"predecessor-version":[{"id":6103,"href":"https:\/\/agora.xtec.cat\/zer-pedrera\/wp-json\/wp\/v2\/posts\/6086\/revisions\/6103"}],"wp:featuredmedia":[{"embeddable":true,"href":"https:\/\/agora.xtec.cat\/zer-pedrera\/wp-json\/wp\/v2\/media\/6087"}],"wp:attachment":[{"href":"https:\/\/agora.xtec.cat\/zer-pedrera\/wp-json\/wp\/v2\/media?parent=6086"}],"wp:term":[{"taxonomy":"category","embeddable":true,"href":"https:\/\/agora.xtec.cat\/zer-pedrera\/wp-json\/wp\/v2\/categories?post=6086"},{"taxonomy":"post_tag","embeddable":true,"href":"https:\/\/agora.xtec.cat\/zer-pedrera\/wp-json\/wp\/v2\/tags?post=6086"}],"curies":[{"name":"wp","href":"https:\/\/api.w.org\/{rel}","templated":true}]}}