{"id":6083,"date":"2022-10-17T22:39:09","date_gmt":"2022-10-17T20:39:09","guid":{"rendered":"https:\/\/agora.xtec.cat\/zer-pedrera\/?p=6083"},"modified":"2022-10-17T22:39:09","modified_gmt":"2022-10-17T20:39:09","slug":"zer-pedrera-mas-de-melons","status":"publish","type":"post","link":"https:\/\/agora.xtec.cat\/zer-pedrera\/general\/zer-pedrera-mas-de-melons\/","title":{"rendered":"ZER Pedrera. Mas de Melons"},"content":{"rendered":"<p>El dia 14 d&#8217;octubre tota la ZER Pedrera vam celebrar la Jornada Mediambiental a Mas de Melons. Va ser un dia molt educatiu a m\u00e9s de gaudir d&#8217;una jornada de conviv\u00e8ncia i germanor. Els alumnes van realitzar dos tallers:<br \/>\n* Taller de rastres: el seu objectiu va ser con\u00e8ixer la gran quantitat de vida que hi ha a la reserva. A trav\u00e9s dels indicis que ens deixen els animals en el seu dia a dia podem descobrir coses sobre ells. Ha estat un taller molt sensorial i participatiu on han pogut observar la vida animal de la reserva.<br \/>\n* Taller de la vegetaci\u00f3: les plantes de la reserva s\u00f3n incre\u00efblement resistents a la sequera i al clima extern. Despr\u00e9s de fer una petita volta pel Mas de Melons han fet un petit treball manual (bomba de llavors).<br \/>\nClicar damunt de la imatge per veure totes les fotografies de la jornada.<\/p>\n<p style=\"text-align: center;\"><a href=\"https:\/\/photos.app.goo.gl\/pdsejudYN9bCQXY47\" target=\"_blank\" rel=\"noopener\"><img loading=\"lazy\" decoding=\"async\" class=\"alignnone size-full wp-image-6084\" src=\"https:\/\/agora.xtec.cat\/zer-pedrera\/wp-content\/uploads\/usu1473\/2022\/10\/1665814783092.jpg\" alt=\"\" width=\"591\" height=\"443\" srcset=\"https:\/\/agora.xtec.cat\/zer-pedrera\/wp-content\/uploads\/usu1473\/2022\/10\/1665814783092.jpg 591w, https:\/\/agora.xtec.cat\/zer-pedrera\/wp-content\/uploads\/usu1473\/2022\/10\/1665814783092-300x225.jpg 300w, https:\/\/agora.xtec.cat\/zer-pedrera\/wp-content\/uploads\/usu1473\/2022\/10\/1665814783092-200x150.jpg 200w\" sizes=\"auto, (max-width: 591px) 100vw, 591px\" \/><\/a><\/p>\n","protected":false},"excerpt":{"rendered":"<p>El dia 14 d&#8217;octubre tota la ZER Pedrera vam celebrar la Jornada Mediambiental a Mas de Melons. Va ser un dia molt educatiu a m\u00e9s de gaudir d&#8217;una jornada de conviv\u00e8ncia i germanor. Els alumnes van realitzar dos tallers:<br \/>\n* Taller de rastres: el seu objectiu&hellip;  <a href=\"https:\/\/agora.xtec.cat\/zer-pedrera\/general\/zer-pedrera-mas-de-melons\/\" title=\"Read ZER Pedrera. Mas de Melons\">Llegeix m\u00e9s\u00bb<\/a><\/p>\n","protected":false},"author":1,"featured_media":6084,"comment_status":"open","ping_status":"closed","sticky":false,"template":"","format":"standard","meta":{"_bbp_topic_count":0,"_bbp_reply_count":0,"_bbp_total_topic_count":0,"_bbp_total_reply_count":0,"_bbp_voice_count":0,"_bbp_anonymous_reply_count":0,"_bbp_topic_count_hidden":0,"_bbp_reply_count_hidden":0,"_bbp_forum_subforum_count":0,"footnotes":""},"categories":[113,110,111,1,29,89],"tags":[],"class_list":["post-6083","post","type-post","status-publish","format-standard","has-post-thumbnail","hentry","category-e-infantil","category-escola-abat-ruera","category-escola-porcel-de-cervera","category-general","category-portada","category-primaria"],"post_mailing_queue_ids":[],"_links":{"self":[{"href":"https:\/\/agora.xtec.cat\/zer-pedrera\/wp-json\/wp\/v2\/posts\/6083","targetHints":{"allow":["GET"]}}],"collection":[{"href":"https:\/\/agora.xtec.cat\/zer-pedrera\/wp-json\/wp\/v2\/posts"}],"about":[{"href":"https:\/\/agora.xtec.cat\/zer-pedrera\/wp-json\/wp\/v2\/types\/post"}],"author":[{"embeddable":true,"href":"https:\/\/agora.xtec.cat\/zer-pedrera\/wp-json\/wp\/v2\/users\/1"}],"replies":[{"embeddable":true,"href":"https:\/\/agora.xtec.cat\/zer-pedrera\/wp-json\/wp\/v2\/comments?post=6083"}],"version-history":[{"count":1,"href":"https:\/\/agora.xtec.cat\/zer-pedrera\/wp-json\/wp\/v2\/posts\/6083\/revisions"}],"predecessor-version":[{"id":6085,"href":"https:\/\/agora.xtec.cat\/zer-pedrera\/wp-json\/wp\/v2\/posts\/6083\/revisions\/6085"}],"wp:featuredmedia":[{"embeddable":true,"href":"https:\/\/agora.xtec.cat\/zer-pedrera\/wp-json\/wp\/v2\/media\/6084"}],"wp:attachment":[{"href":"https:\/\/agora.xtec.cat\/zer-pedrera\/wp-json\/wp\/v2\/media?parent=6083"}],"wp:term":[{"taxonomy":"category","embeddable":true,"href":"https:\/\/agora.xtec.cat\/zer-pedrera\/wp-json\/wp\/v2\/categories?post=6083"},{"taxonomy":"post_tag","embeddable":true,"href":"https:\/\/agora.xtec.cat\/zer-pedrera\/wp-json\/wp\/v2\/tags?post=6083"}],"curies":[{"name":"wp","href":"https:\/\/api.w.org\/{rel}","templated":true}]}}