{"id":6077,"date":"2022-10-17T21:25:59","date_gmt":"2022-10-17T19:25:59","guid":{"rendered":"https:\/\/agora.xtec.cat\/zer-pedrera\/?p=6077"},"modified":"2022-10-17T21:25:59","modified_gmt":"2022-10-17T19:25:59","slug":"ei-de-lescola-abat-ruera-raco-de-la-tardor","status":"publish","type":"post","link":"https:\/\/agora.xtec.cat\/zer-pedrera\/general\/ei-de-lescola-abat-ruera-raco-de-la-tardor\/","title":{"rendered":"EI de l&#8217;escola Abat Ruera. Rac\u00f3 de la tardor"},"content":{"rendered":"<p>Aquest rac\u00f3 \u00e9s el que queda despr\u00e9s d&#8217;haver tocat, tastat, manipulat&#8230; els fruits i les fruites de la tardor que les fam\u00edlies heu anat portant. Tamb\u00e9 han vist que les fruites m\u00e9s madures s&#8217;han anat podrint i han fet cap al contenidor de reciclatge corresponent.<\/p>\n<p>Clicar damunt de la fotografia!!!<\/p>\n<p style=\"text-align: center;\"><a href=\"https:\/\/agora.xtec.cat\/zer-pedrera\/wp-content\/uploads\/usu1473\/2022\/10\/1666032378326.jpg\"><img loading=\"lazy\" decoding=\"async\" class=\"alignnone size-full wp-image-6078\" src=\"https:\/\/agora.xtec.cat\/zer-pedrera\/wp-content\/uploads\/usu1473\/2022\/10\/1666032378326.jpg\" alt=\"\" width=\"591\" height=\"443\" srcset=\"https:\/\/agora.xtec.cat\/zer-pedrera\/wp-content\/uploads\/usu1473\/2022\/10\/1666032378326.jpg 591w, https:\/\/agora.xtec.cat\/zer-pedrera\/wp-content\/uploads\/usu1473\/2022\/10\/1666032378326-300x225.jpg 300w, https:\/\/agora.xtec.cat\/zer-pedrera\/wp-content\/uploads\/usu1473\/2022\/10\/1666032378326-200x150.jpg 200w\" sizes=\"auto, (max-width: 591px) 100vw, 591px\" \/><\/a><a href=\"https:\/\/photos.app.goo.gl\/cw6UCMWmcTUHqAjBA\" target=\"_blank\" rel=\"noopener\">https:\/\/photos.app.goo.gl\/cw6UCMWmcTUHqAjBA<\/a><\/p>\n","protected":false},"excerpt":{"rendered":"<p>Aquest rac\u00f3 \u00e9s el que queda despr\u00e9s d&#8217;haver tocat, tastat, manipulat&#8230; els fruits i les fruites de la tardor que les fam\u00edlies heu anat portant. Tamb\u00e9 han vist que les fruites m\u00e9s madures s&#8217;han anat podrint i han fet cap al contenidor de reciclatge corresponent.<br \/>\nClicar&hellip;  <a href=\"https:\/\/agora.xtec.cat\/zer-pedrera\/general\/ei-de-lescola-abat-ruera-raco-de-la-tardor\/\" title=\"Read EI de l&#8217;escola Abat Ruera. Rac\u00f3 de la tardor\">Llegeix m\u00e9s\u00bb<\/a><\/p>\n","protected":false},"author":1,"featured_media":6078,"comment_status":"open","ping_status":"closed","sticky":false,"template":"","format":"standard","meta":{"_bbp_topic_count":0,"_bbp_reply_count":0,"_bbp_total_topic_count":0,"_bbp_total_reply_count":0,"_bbp_voice_count":0,"_bbp_anonymous_reply_count":0,"_bbp_topic_count_hidden":0,"_bbp_reply_count_hidden":0,"_bbp_forum_subforum_count":0,"footnotes":""},"categories":[113,110,1,116,29,120],"tags":[],"class_list":["post-6077","post","type-post","status-publish","format-standard","has-post-thumbnail","hentry","category-e-infantil","category-escola-abat-ruera","category-general","category-medi","category-portada","category-projectes"],"post_mailing_queue_ids":[],"_links":{"self":[{"href":"https:\/\/agora.xtec.cat\/zer-pedrera\/wp-json\/wp\/v2\/posts\/6077","targetHints":{"allow":["GET"]}}],"collection":[{"href":"https:\/\/agora.xtec.cat\/zer-pedrera\/wp-json\/wp\/v2\/posts"}],"about":[{"href":"https:\/\/agora.xtec.cat\/zer-pedrera\/wp-json\/wp\/v2\/types\/post"}],"author":[{"embeddable":true,"href":"https:\/\/agora.xtec.cat\/zer-pedrera\/wp-json\/wp\/v2\/users\/1"}],"replies":[{"embeddable":true,"href":"https:\/\/agora.xtec.cat\/zer-pedrera\/wp-json\/wp\/v2\/comments?post=6077"}],"version-history":[{"count":1,"href":"https:\/\/agora.xtec.cat\/zer-pedrera\/wp-json\/wp\/v2\/posts\/6077\/revisions"}],"predecessor-version":[{"id":6079,"href":"https:\/\/agora.xtec.cat\/zer-pedrera\/wp-json\/wp\/v2\/posts\/6077\/revisions\/6079"}],"wp:featuredmedia":[{"embeddable":true,"href":"https:\/\/agora.xtec.cat\/zer-pedrera\/wp-json\/wp\/v2\/media\/6078"}],"wp:attachment":[{"href":"https:\/\/agora.xtec.cat\/zer-pedrera\/wp-json\/wp\/v2\/media?parent=6077"}],"wp:term":[{"taxonomy":"category","embeddable":true,"href":"https:\/\/agora.xtec.cat\/zer-pedrera\/wp-json\/wp\/v2\/categories?post=6077"},{"taxonomy":"post_tag","embeddable":true,"href":"https:\/\/agora.xtec.cat\/zer-pedrera\/wp-json\/wp\/v2\/tags?post=6077"}],"curies":[{"name":"wp","href":"https:\/\/api.w.org\/{rel}","templated":true}]}}