{"id":6068,"date":"2022-10-13T16:14:00","date_gmt":"2022-10-13T14:14:00","guid":{"rendered":"https:\/\/agora.xtec.cat\/zer-pedrera\/?p=6068"},"modified":"2022-10-13T16:14:00","modified_gmt":"2022-10-13T14:14:00","slug":"ei-de-lescola-abat-ruera-els-mes-petitons-de-lescola","status":"publish","type":"post","link":"https:\/\/agora.xtec.cat\/zer-pedrera\/general\/ei-de-lescola-abat-ruera-els-mes-petitons-de-lescola\/","title":{"rendered":"EI de l&#8217;escola Abat Ruera. Els m\u00e9s petitons de l&#8217;escola"},"content":{"rendered":"<p>Ja hem passat el setembre, per\u00edode per con\u00e8ixer-nos, agafar confian\u00e7a&#8230; Ara que ens coneixem hem comen\u00e7at l&#8217;octubre amb ganes d&#8217;avan\u00e7ar en la nostra autonomia, en el llenguatge, a trav\u00e9s del joc, del moviment.<br \/>\nTreballem continguts com tardor o la castanyada respectant sempre el nostre ritme, sense presses i compartint estones amb els companys\/es d&#8217;infantil. Ells\/es ens guien i ens fan de models. Hi ha altres estones on estem solets i fem un treball m\u00e9s individual, m\u00e9s espec\u00edfic. Per\u00f2 sempre, sempre a trav\u00e9s del joc, gaudint de tot, i fent-nos grans aprenent i sent feli\u00e7os.<\/p>\n<p style=\"text-align: center;\"><a href=\"https:\/\/photos.app.goo.gl\/wUE2dj4Be1cyfyCW8\" target=\"_blank\" rel=\"noopener\"><img loading=\"lazy\" decoding=\"async\" class=\"alignnone size-large wp-image-6069\" src=\"https:\/\/agora.xtec.cat\/zer-pedrera\/wp-content\/uploads\/usu1473\/2022\/10\/1664991716225-1024x768.jpg\" alt=\"\" width=\"1024\" height=\"768\" srcset=\"https:\/\/agora.xtec.cat\/zer-pedrera\/wp-content\/uploads\/usu1473\/2022\/10\/1664991716225-1024x768.jpg 1024w, https:\/\/agora.xtec.cat\/zer-pedrera\/wp-content\/uploads\/usu1473\/2022\/10\/1664991716225-300x225.jpg 300w, https:\/\/agora.xtec.cat\/zer-pedrera\/wp-content\/uploads\/usu1473\/2022\/10\/1664991716225-768x576.jpg 768w, https:\/\/agora.xtec.cat\/zer-pedrera\/wp-content\/uploads\/usu1473\/2022\/10\/1664991716225-1536x1152.jpg 1536w, https:\/\/agora.xtec.cat\/zer-pedrera\/wp-content\/uploads\/usu1473\/2022\/10\/1664991716225-200x150.jpg 200w, https:\/\/agora.xtec.cat\/zer-pedrera\/wp-content\/uploads\/usu1473\/2022\/10\/1664991716225.jpg 2048w\" sizes=\"auto, (max-width: 1024px) 100vw, 1024px\" \/><\/a><\/p>\n","protected":false},"excerpt":{"rendered":"<p>Ja hem passat el setembre, per\u00edode per con\u00e8ixer-nos, agafar confian\u00e7a&#8230; Ara que ens coneixem hem comen\u00e7at l&#8217;octubre amb ganes d&#8217;avan\u00e7ar en la nostra autonomia, en el llenguatge, a trav\u00e9s del joc, del moviment.<br \/>\nTreballem continguts com tardor o la castanyada respectant sempre el nostre ritme, sense&hellip;  <a href=\"https:\/\/agora.xtec.cat\/zer-pedrera\/general\/ei-de-lescola-abat-ruera-els-mes-petitons-de-lescola\/\" title=\"Read EI de l&#8217;escola Abat Ruera. Els m\u00e9s petitons de l&#8217;escola\">Llegeix m\u00e9s\u00bb<\/a><\/p>\n","protected":false},"author":1,"featured_media":6069,"comment_status":"open","ping_status":"closed","sticky":false,"template":"","format":"standard","meta":{"_bbp_topic_count":0,"_bbp_reply_count":0,"_bbp_total_topic_count":0,"_bbp_total_reply_count":0,"_bbp_voice_count":0,"_bbp_anonymous_reply_count":0,"_bbp_topic_count_hidden":0,"_bbp_reply_count_hidden":0,"_bbp_forum_subforum_count":0,"footnotes":""},"categories":[113,110,1,29],"tags":[],"class_list":["post-6068","post","type-post","status-publish","format-standard","has-post-thumbnail","hentry","category-e-infantil","category-escola-abat-ruera","category-general","category-portada"],"post_mailing_queue_ids":[],"_links":{"self":[{"href":"https:\/\/agora.xtec.cat\/zer-pedrera\/wp-json\/wp\/v2\/posts\/6068","targetHints":{"allow":["GET"]}}],"collection":[{"href":"https:\/\/agora.xtec.cat\/zer-pedrera\/wp-json\/wp\/v2\/posts"}],"about":[{"href":"https:\/\/agora.xtec.cat\/zer-pedrera\/wp-json\/wp\/v2\/types\/post"}],"author":[{"embeddable":true,"href":"https:\/\/agora.xtec.cat\/zer-pedrera\/wp-json\/wp\/v2\/users\/1"}],"replies":[{"embeddable":true,"href":"https:\/\/agora.xtec.cat\/zer-pedrera\/wp-json\/wp\/v2\/comments?post=6068"}],"version-history":[{"count":1,"href":"https:\/\/agora.xtec.cat\/zer-pedrera\/wp-json\/wp\/v2\/posts\/6068\/revisions"}],"predecessor-version":[{"id":6070,"href":"https:\/\/agora.xtec.cat\/zer-pedrera\/wp-json\/wp\/v2\/posts\/6068\/revisions\/6070"}],"wp:featuredmedia":[{"embeddable":true,"href":"https:\/\/agora.xtec.cat\/zer-pedrera\/wp-json\/wp\/v2\/media\/6069"}],"wp:attachment":[{"href":"https:\/\/agora.xtec.cat\/zer-pedrera\/wp-json\/wp\/v2\/media?parent=6068"}],"wp:term":[{"taxonomy":"category","embeddable":true,"href":"https:\/\/agora.xtec.cat\/zer-pedrera\/wp-json\/wp\/v2\/categories?post=6068"},{"taxonomy":"post_tag","embeddable":true,"href":"https:\/\/agora.xtec.cat\/zer-pedrera\/wp-json\/wp\/v2\/tags?post=6068"}],"curies":[{"name":"wp","href":"https:\/\/api.w.org\/{rel}","templated":true}]}}