{"id":6059,"date":"2022-10-10T12:08:20","date_gmt":"2022-10-10T10:08:20","guid":{"rendered":"https:\/\/agora.xtec.cat\/zer-pedrera\/?p=6059"},"modified":"2022-10-10T12:12:34","modified_gmt":"2022-10-10T10:12:34","slug":"cm-de-lescola-abat-ruera-el-projecte-dels-animals","status":"publish","type":"post","link":"https:\/\/agora.xtec.cat\/zer-pedrera\/general\/cm-de-lescola-abat-ruera-el-projecte-dels-animals\/","title":{"rendered":"CM de l&#8217;escola Abat Ruera. El projecte dels animals"},"content":{"rendered":"<p>Dins de l&#8217;\u00e0rea de Coneixement del Medi, els alumnes de CM de l&#8217;escola Abat Ruera estan treballant els animals. Aquest tema s&#8217;est\u00e0 convertint en un gran\u00a0projecte. Primer s&#8217;ha treballat la classificaci\u00f3 dels animals segons si s\u00f3n vertebrats i invertebrats. El projecte ha anat creixent i ara el tema d&#8217;investigaci\u00f3 \u00e9s classificar els animals segons la zona del m\u00f3n on habiten.<\/p>\n<div>\n<div>Els alumnes de CM s&#8217;estan convertint en uns grans investigadors!!! Mireu quin mural estan fent!!!<\/div>\n<\/div>\n<div><\/div>\n<div><\/div>\n<div>\n<div style=\"text-align: left;\"><\/div>\n<\/div>\n<div><a href=\"https:\/\/agora.xtec.cat\/zer-pedrera\/wp-content\/uploads\/usu1473\/2022\/10\/1665341893944.jpg\"><img loading=\"lazy\" decoding=\"async\" class=\"size-full wp-image-6060 aligncenter\" src=\"https:\/\/agora.xtec.cat\/zer-pedrera\/wp-content\/uploads\/usu1473\/2022\/10\/1665341893944.jpg\" alt=\"\" width=\"563\" height=\"434\" srcset=\"https:\/\/agora.xtec.cat\/zer-pedrera\/wp-content\/uploads\/usu1473\/2022\/10\/1665341893944.jpg 563w, https:\/\/agora.xtec.cat\/zer-pedrera\/wp-content\/uploads\/usu1473\/2022\/10\/1665341893944-300x231.jpg 300w\" sizes=\"auto, (max-width: 563px) 100vw, 563px\" \/><\/a><\/div>\n<div><\/div>\n","protected":false},"excerpt":{"rendered":"<p>Dins de l&#8217;\u00e0rea de Coneixement del Medi, els alumnes de CM de l&#8217;escola Abat Ruera estan treballant els animals. Aquest tema s&#8217;est\u00e0 convertint en un gran\u00a0projecte. Primer s&#8217;ha treballat la classificaci\u00f3 dels animals segons si s\u00f3n vertebrats i invertebrats. El projecte ha anat creixent i&hellip;  <a href=\"https:\/\/agora.xtec.cat\/zer-pedrera\/general\/cm-de-lescola-abat-ruera-el-projecte-dels-animals\/\" title=\"Read CM de l&#8217;escola Abat Ruera. El projecte dels animals\">Llegeix m\u00e9s\u00bb<\/a><\/p>\n","protected":false},"author":1,"featured_media":6060,"comment_status":"open","ping_status":"closed","sticky":false,"template":"","format":"standard","meta":{"_bbp_topic_count":0,"_bbp_reply_count":0,"_bbp_total_topic_count":0,"_bbp_total_reply_count":0,"_bbp_voice_count":0,"_bbp_anonymous_reply_count":0,"_bbp_topic_count_hidden":0,"_bbp_reply_count_hidden":0,"_bbp_forum_subforum_count":0,"footnotes":""},"categories":[110,1,116,29,89,120],"tags":[],"class_list":["post-6059","post","type-post","status-publish","format-standard","has-post-thumbnail","hentry","category-escola-abat-ruera","category-general","category-medi","category-portada","category-primaria","category-projectes"],"post_mailing_queue_ids":[],"_links":{"self":[{"href":"https:\/\/agora.xtec.cat\/zer-pedrera\/wp-json\/wp\/v2\/posts\/6059","targetHints":{"allow":["GET"]}}],"collection":[{"href":"https:\/\/agora.xtec.cat\/zer-pedrera\/wp-json\/wp\/v2\/posts"}],"about":[{"href":"https:\/\/agora.xtec.cat\/zer-pedrera\/wp-json\/wp\/v2\/types\/post"}],"author":[{"embeddable":true,"href":"https:\/\/agora.xtec.cat\/zer-pedrera\/wp-json\/wp\/v2\/users\/1"}],"replies":[{"embeddable":true,"href":"https:\/\/agora.xtec.cat\/zer-pedrera\/wp-json\/wp\/v2\/comments?post=6059"}],"version-history":[{"count":2,"href":"https:\/\/agora.xtec.cat\/zer-pedrera\/wp-json\/wp\/v2\/posts\/6059\/revisions"}],"predecessor-version":[{"id":6062,"href":"https:\/\/agora.xtec.cat\/zer-pedrera\/wp-json\/wp\/v2\/posts\/6059\/revisions\/6062"}],"wp:featuredmedia":[{"embeddable":true,"href":"https:\/\/agora.xtec.cat\/zer-pedrera\/wp-json\/wp\/v2\/media\/6060"}],"wp:attachment":[{"href":"https:\/\/agora.xtec.cat\/zer-pedrera\/wp-json\/wp\/v2\/media?parent=6059"}],"wp:term":[{"taxonomy":"category","embeddable":true,"href":"https:\/\/agora.xtec.cat\/zer-pedrera\/wp-json\/wp\/v2\/categories?post=6059"},{"taxonomy":"post_tag","embeddable":true,"href":"https:\/\/agora.xtec.cat\/zer-pedrera\/wp-json\/wp\/v2\/tags?post=6059"}],"curies":[{"name":"wp","href":"https:\/\/api.w.org\/{rel}","templated":true}]}}