{"id":6049,"date":"2022-10-10T13:38:35","date_gmt":"2022-10-10T11:38:35","guid":{"rendered":"https:\/\/agora.xtec.cat\/zer-pedrera\/?p=6049"},"modified":"2022-10-10T13:38:35","modified_gmt":"2022-10-10T11:38:35","slug":"jornada-de-germanor-escola-porcel-de-cervera","status":"publish","type":"post","link":"https:\/\/agora.xtec.cat\/zer-pedrera\/portada\/jornada-de-germanor-escola-porcel-de-cervera\/","title":{"rendered":"Jornada de germanor. Escola Porcel de Cervera."},"content":{"rendered":"<p>Aquest divendres al mat\u00ed vam realitzar una sortida de germanor a la taula de pedra. Tots els nens i nenes de l&#8217;escola tot passejant, i observant tot all\u00f2 que ens envoltava, ens vam dirigir a la taula de pedra, on l&#8217;any passat vam enterrar els nostres desitjos per al curs dins d&#8217;una capsa. En arribar, vam esmorzar en rotllana i despr\u00e9s de jugar una mica, vam\u00a0 enterrar els nous desitjos per aquest curs. Va ser un mat\u00ed diferent i molt profit\u00f3s ja que vam recollir fulles, pinyes, bastonets,&#8230; que despr\u00e9s ens serviran per realitzar una altra activitat que tenim prevista. Vam gaudir de valent de la passejada, i de ben segur que ho repetirem!!!!<\/p>\n<p>Cliqueu en la imatge per a veure&#8217;n les fotografies.<\/p>\n<p><a href=\"https:\/\/photos.app.goo.gl\/2jieifD8dyfRst2T7\"><img loading=\"lazy\" decoding=\"async\" class=\"alignnone size-full wp-image-6050 aligncenter\" src=\"https:\/\/agora.xtec.cat\/zer-pedrera\/wp-content\/uploads\/usu1473\/2022\/10\/1.jpg\" alt=\"\" width=\"682\" height=\"384\" srcset=\"https:\/\/agora.xtec.cat\/zer-pedrera\/wp-content\/uploads\/usu1473\/2022\/10\/1.jpg 682w, https:\/\/agora.xtec.cat\/zer-pedrera\/wp-content\/uploads\/usu1473\/2022\/10\/1-300x169.jpg 300w\" sizes=\"auto, (max-width: 682px) 100vw, 682px\" \/><\/a><\/p>\n","protected":false},"excerpt":{"rendered":"<p>Aquest divendres al mat\u00ed vam realitzar una sortida de germanor a la taula de pedra. Tots els nens i nenes de l&#8217;escola tot passejant, i observant tot all\u00f2 que ens envoltava, ens vam dirigir a la taula de pedra, on l&#8217;any passat vam enterrar els&hellip;  <a href=\"https:\/\/agora.xtec.cat\/zer-pedrera\/portada\/jornada-de-germanor-escola-porcel-de-cervera\/\" title=\"Read Jornada de germanor. Escola Porcel de Cervera.\">Llegeix m\u00e9s\u00bb<\/a><\/p>\n","protected":false},"author":1,"featured_media":6050,"comment_status":"open","ping_status":"closed","sticky":false,"template":"","format":"standard","meta":{"_bbp_topic_count":0,"_bbp_reply_count":0,"_bbp_total_topic_count":0,"_bbp_total_reply_count":0,"_bbp_voice_count":0,"_bbp_anonymous_reply_count":0,"_bbp_topic_count_hidden":0,"_bbp_reply_count_hidden":0,"_bbp_forum_subforum_count":0,"footnotes":""},"categories":[113,111,29,89],"tags":[],"class_list":["post-6049","post","type-post","status-publish","format-standard","has-post-thumbnail","hentry","category-e-infantil","category-escola-porcel-de-cervera","category-portada","category-primaria"],"post_mailing_queue_ids":[],"_links":{"self":[{"href":"https:\/\/agora.xtec.cat\/zer-pedrera\/wp-json\/wp\/v2\/posts\/6049","targetHints":{"allow":["GET"]}}],"collection":[{"href":"https:\/\/agora.xtec.cat\/zer-pedrera\/wp-json\/wp\/v2\/posts"}],"about":[{"href":"https:\/\/agora.xtec.cat\/zer-pedrera\/wp-json\/wp\/v2\/types\/post"}],"author":[{"embeddable":true,"href":"https:\/\/agora.xtec.cat\/zer-pedrera\/wp-json\/wp\/v2\/users\/1"}],"replies":[{"embeddable":true,"href":"https:\/\/agora.xtec.cat\/zer-pedrera\/wp-json\/wp\/v2\/comments?post=6049"}],"version-history":[{"count":2,"href":"https:\/\/agora.xtec.cat\/zer-pedrera\/wp-json\/wp\/v2\/posts\/6049\/revisions"}],"predecessor-version":[{"id":6052,"href":"https:\/\/agora.xtec.cat\/zer-pedrera\/wp-json\/wp\/v2\/posts\/6049\/revisions\/6052"}],"wp:featuredmedia":[{"embeddable":true,"href":"https:\/\/agora.xtec.cat\/zer-pedrera\/wp-json\/wp\/v2\/media\/6050"}],"wp:attachment":[{"href":"https:\/\/agora.xtec.cat\/zer-pedrera\/wp-json\/wp\/v2\/media?parent=6049"}],"wp:term":[{"taxonomy":"category","embeddable":true,"href":"https:\/\/agora.xtec.cat\/zer-pedrera\/wp-json\/wp\/v2\/categories?post=6049"},{"taxonomy":"post_tag","embeddable":true,"href":"https:\/\/agora.xtec.cat\/zer-pedrera\/wp-json\/wp\/v2\/tags?post=6049"}],"curies":[{"name":"wp","href":"https:\/\/api.w.org\/{rel}","templated":true}]}}