{"id":6025,"date":"2022-10-05T20:37:09","date_gmt":"2022-10-05T18:37:09","guid":{"rendered":"https:\/\/agora.xtec.cat\/zer-pedrera\/?p=6025"},"modified":"2022-10-05T20:37:09","modified_gmt":"2022-10-05T18:37:09","slug":"ei-i-ci-de-lescola-abat-ruera-primers-dies-ded-fisica","status":"publish","type":"post","link":"https:\/\/agora.xtec.cat\/zer-pedrera\/general\/ei-i-ci-de-lescola-abat-ruera-primers-dies-ded-fisica\/","title":{"rendered":"EI i CI de l&#8217;escola Abat Ruera. Primers dies d&#8217;Ed.F\u00edsica"},"content":{"rendered":"<p>Compliment de normes, respecte, ajuda, refor\u00e7, amistat, felicitat, moviment&#8230; s\u00f3n alguns dels grans valors que es treballen dins de l&#8217;\u00e0mbit educatiu, per\u00f2 \u00e9s en l&#8217;\u00e0rea d&#8217;Educaci\u00f3 F\u00edsica on es poden aprofundir millor. Aqu\u00ed tenim un recull de fotografies on tots els valors anteriorment nomenats es poden apreciar perfectament.<\/p>\n<p>Per veure m\u00e9s fotografies clicar damunt de la imatge.<\/p>\n<p style=\"text-align: center;\"><a href=\"https:\/\/photos.app.goo.gl\/pxGAyprR7hh6HgeU9\" target=\"_blank\" rel=\"noopener\"><img loading=\"lazy\" decoding=\"async\" class=\"alignnone size-full wp-image-6026\" src=\"https:\/\/agora.xtec.cat\/zer-pedrera\/wp-content\/uploads\/usu1473\/2022\/10\/1664204237889.jpg\" alt=\"\" width=\"591\" height=\"443\" srcset=\"https:\/\/agora.xtec.cat\/zer-pedrera\/wp-content\/uploads\/usu1473\/2022\/10\/1664204237889.jpg 591w, https:\/\/agora.xtec.cat\/zer-pedrera\/wp-content\/uploads\/usu1473\/2022\/10\/1664204237889-300x225.jpg 300w, https:\/\/agora.xtec.cat\/zer-pedrera\/wp-content\/uploads\/usu1473\/2022\/10\/1664204237889-200x150.jpg 200w\" sizes=\"auto, (max-width: 591px) 100vw, 591px\" \/><\/a><\/p>\n","protected":false},"excerpt":{"rendered":"<p>Compliment de normes, respecte, ajuda, refor\u00e7, amistat, felicitat, moviment&#8230; s\u00f3n alguns dels grans valors que es treballen dins de l&#8217;\u00e0mbit educatiu, per\u00f2 \u00e9s en l&#8217;\u00e0rea d&#8217;Educaci\u00f3 F\u00edsica on es poden aprofundir millor. Aqu\u00ed tenim un recull de fotografies on tots els valors anteriorment nomenats es&hellip;  <a href=\"https:\/\/agora.xtec.cat\/zer-pedrera\/general\/ei-i-ci-de-lescola-abat-ruera-primers-dies-ded-fisica\/\" title=\"Read EI i CI de l&#8217;escola Abat Ruera. Primers dies d&#8217;Ed.F\u00edsica\">Llegeix m\u00e9s\u00bb<\/a><\/p>\n","protected":false},"author":1,"featured_media":6026,"comment_status":"open","ping_status":"closed","sticky":false,"template":"","format":"standard","meta":{"_bbp_topic_count":0,"_bbp_reply_count":0,"_bbp_total_topic_count":0,"_bbp_total_reply_count":0,"_bbp_voice_count":0,"_bbp_anonymous_reply_count":0,"_bbp_topic_count_hidden":0,"_bbp_reply_count_hidden":0,"_bbp_forum_subforum_count":0,"footnotes":""},"categories":[113,199,110,1,29,89],"tags":[],"class_list":["post-6025","post","type-post","status-publish","format-standard","has-post-thumbnail","hentry","category-e-infantil","category-educacio-fisica","category-escola-abat-ruera","category-general","category-portada","category-primaria"],"post_mailing_queue_ids":[],"_links":{"self":[{"href":"https:\/\/agora.xtec.cat\/zer-pedrera\/wp-json\/wp\/v2\/posts\/6025","targetHints":{"allow":["GET"]}}],"collection":[{"href":"https:\/\/agora.xtec.cat\/zer-pedrera\/wp-json\/wp\/v2\/posts"}],"about":[{"href":"https:\/\/agora.xtec.cat\/zer-pedrera\/wp-json\/wp\/v2\/types\/post"}],"author":[{"embeddable":true,"href":"https:\/\/agora.xtec.cat\/zer-pedrera\/wp-json\/wp\/v2\/users\/1"}],"replies":[{"embeddable":true,"href":"https:\/\/agora.xtec.cat\/zer-pedrera\/wp-json\/wp\/v2\/comments?post=6025"}],"version-history":[{"count":1,"href":"https:\/\/agora.xtec.cat\/zer-pedrera\/wp-json\/wp\/v2\/posts\/6025\/revisions"}],"predecessor-version":[{"id":6027,"href":"https:\/\/agora.xtec.cat\/zer-pedrera\/wp-json\/wp\/v2\/posts\/6025\/revisions\/6027"}],"wp:featuredmedia":[{"embeddable":true,"href":"https:\/\/agora.xtec.cat\/zer-pedrera\/wp-json\/wp\/v2\/media\/6026"}],"wp:attachment":[{"href":"https:\/\/agora.xtec.cat\/zer-pedrera\/wp-json\/wp\/v2\/media?parent=6025"}],"wp:term":[{"taxonomy":"category","embeddable":true,"href":"https:\/\/agora.xtec.cat\/zer-pedrera\/wp-json\/wp\/v2\/categories?post=6025"},{"taxonomy":"post_tag","embeddable":true,"href":"https:\/\/agora.xtec.cat\/zer-pedrera\/wp-json\/wp\/v2\/tags?post=6025"}],"curies":[{"name":"wp","href":"https:\/\/api.w.org\/{rel}","templated":true}]}}