{"id":6018,"date":"2022-10-05T19:13:40","date_gmt":"2022-10-05T17:13:40","guid":{"rendered":"https:\/\/agora.xtec.cat\/zer-pedrera\/?p=6018"},"modified":"2022-10-05T19:21:37","modified_gmt":"2022-10-05T17:21:37","slug":"escola-abat-ruera-jornada-de-germanor","status":"publish","type":"post","link":"https:\/\/agora.xtec.cat\/zer-pedrera\/general\/escola-abat-ruera-jornada-de-germanor\/","title":{"rendered":"Escola Abat Ruera. Jornada de germanor"},"content":{"rendered":"<p>El dia 30 de setembre tots els alumnes de l&#8217;Escola Abat Ruera van celebrar una jornada de conviv\u00e8ncia i germanor. Els m\u00e9s petitets van quedar-se a l&#8217;escola i van fer activitats exteriors on la idea principal era copsar els efectes de la tardor. Tamb\u00e9 van jugar a jocs cooperatius per fomentar la cohesi\u00f3 del grup, la companyonia i el respecte.<br \/>\nEn canvi, els alumnes d&#8217;Educaci\u00f3 Prim\u00e0ria van fer una caminada fins al Collet, on gr\u00e0cies a la col\u00b7laboraci\u00f3 de la NUFRI, vam visitar les instal\u00b7lacions i funcionament d&#8217;una central hidroel\u00e8ctrica.<\/p>\n<p>Per veure les fotografies d&#8217;Educaci\u00f3 Infantil clicar damunt de la imatge:<\/p>\n<p><a href=\"https:\/\/photos.app.goo.gl\/6o57b4MzSPo4ixWf7\" target=\"_blank\" rel=\"noopener\"><img loading=\"lazy\" decoding=\"async\" class=\"size-full wp-image-6022 aligncenter\" src=\"https:\/\/agora.xtec.cat\/zer-pedrera\/wp-content\/uploads\/usu1473\/2022\/10\/1664696973037-1.jpg\" alt=\"\" width=\"591\" height=\"443\" srcset=\"https:\/\/agora.xtec.cat\/zer-pedrera\/wp-content\/uploads\/usu1473\/2022\/10\/1664696973037-1.jpg 591w, https:\/\/agora.xtec.cat\/zer-pedrera\/wp-content\/uploads\/usu1473\/2022\/10\/1664696973037-1-300x225.jpg 300w, https:\/\/agora.xtec.cat\/zer-pedrera\/wp-content\/uploads\/usu1473\/2022\/10\/1664696973037-1-200x150.jpg 200w\" sizes=\"auto, (max-width: 591px) 100vw, 591px\" \/><\/a><\/p>\n<p>Per veure les fotografies d&#8217;Educaci\u00f3 Prim\u00e0ria clicar damunt de la imatge:<\/p>\n<p><a href=\"https:\/\/photos.app.goo.gl\/L4Dg9DBZoPhiz6Mc7\" target=\"_blank\" rel=\"noopener\"><img loading=\"lazy\" decoding=\"async\" class=\"size-full wp-image-6020 aligncenter\" src=\"https:\/\/agora.xtec.cat\/zer-pedrera\/wp-content\/uploads\/usu1473\/2022\/10\/1664553655332-1.jpg\" alt=\"\" width=\"591\" height=\"443\" srcset=\"https:\/\/agora.xtec.cat\/zer-pedrera\/wp-content\/uploads\/usu1473\/2022\/10\/1664553655332-1.jpg 591w, https:\/\/agora.xtec.cat\/zer-pedrera\/wp-content\/uploads\/usu1473\/2022\/10\/1664553655332-1-300x225.jpg 300w, https:\/\/agora.xtec.cat\/zer-pedrera\/wp-content\/uploads\/usu1473\/2022\/10\/1664553655332-1-200x150.jpg 200w\" sizes=\"auto, (max-width: 591px) 100vw, 591px\" \/><\/a><\/p>\n","protected":false},"excerpt":{"rendered":"<p>El dia 30 de setembre tots els alumnes de l&#8217;Escola Abat Ruera van celebrar una jornada de conviv\u00e8ncia i germanor. Els m\u00e9s petitets van quedar-se a l&#8217;escola i van fer activitats exteriors on la idea principal era copsar els efectes de la tardor. Tamb\u00e9 van&hellip;  <a href=\"https:\/\/agora.xtec.cat\/zer-pedrera\/general\/escola-abat-ruera-jornada-de-germanor\/\" title=\"Read Escola Abat Ruera. Jornada de germanor\">Llegeix m\u00e9s\u00bb<\/a><\/p>\n","protected":false},"author":1,"featured_media":6022,"comment_status":"open","ping_status":"closed","sticky":false,"template":"","format":"standard","meta":{"_bbp_topic_count":0,"_bbp_reply_count":0,"_bbp_total_topic_count":0,"_bbp_total_reply_count":0,"_bbp_voice_count":0,"_bbp_anonymous_reply_count":0,"_bbp_topic_count_hidden":0,"_bbp_reply_count_hidden":0,"_bbp_forum_subforum_count":0,"footnotes":""},"categories":[113,110,1,29,89],"tags":[],"class_list":["post-6018","post","type-post","status-publish","format-standard","has-post-thumbnail","hentry","category-e-infantil","category-escola-abat-ruera","category-general","category-portada","category-primaria"],"post_mailing_queue_ids":[],"_links":{"self":[{"href":"https:\/\/agora.xtec.cat\/zer-pedrera\/wp-json\/wp\/v2\/posts\/6018","targetHints":{"allow":["GET"]}}],"collection":[{"href":"https:\/\/agora.xtec.cat\/zer-pedrera\/wp-json\/wp\/v2\/posts"}],"about":[{"href":"https:\/\/agora.xtec.cat\/zer-pedrera\/wp-json\/wp\/v2\/types\/post"}],"author":[{"embeddable":true,"href":"https:\/\/agora.xtec.cat\/zer-pedrera\/wp-json\/wp\/v2\/users\/1"}],"replies":[{"embeddable":true,"href":"https:\/\/agora.xtec.cat\/zer-pedrera\/wp-json\/wp\/v2\/comments?post=6018"}],"version-history":[{"count":3,"href":"https:\/\/agora.xtec.cat\/zer-pedrera\/wp-json\/wp\/v2\/posts\/6018\/revisions"}],"predecessor-version":[{"id":6024,"href":"https:\/\/agora.xtec.cat\/zer-pedrera\/wp-json\/wp\/v2\/posts\/6018\/revisions\/6024"}],"wp:featuredmedia":[{"embeddable":true,"href":"https:\/\/agora.xtec.cat\/zer-pedrera\/wp-json\/wp\/v2\/media\/6022"}],"wp:attachment":[{"href":"https:\/\/agora.xtec.cat\/zer-pedrera\/wp-json\/wp\/v2\/media?parent=6018"}],"wp:term":[{"taxonomy":"category","embeddable":true,"href":"https:\/\/agora.xtec.cat\/zer-pedrera\/wp-json\/wp\/v2\/categories?post=6018"},{"taxonomy":"post_tag","embeddable":true,"href":"https:\/\/agora.xtec.cat\/zer-pedrera\/wp-json\/wp\/v2\/tags?post=6018"}],"curies":[{"name":"wp","href":"https:\/\/api.w.org\/{rel}","templated":true}]}}