{"id":6010,"date":"2022-10-04T16:28:46","date_gmt":"2022-10-04T14:28:46","guid":{"rendered":"https:\/\/agora.xtec.cat\/zer-pedrera\/?p=6010"},"modified":"2022-10-04T17:39:59","modified_gmt":"2022-10-04T15:39:59","slug":"sortida-de-germanorporcel-de-cervera","status":"publish","type":"post","link":"https:\/\/agora.xtec.cat\/zer-pedrera\/general\/sortida-de-germanorporcel-de-cervera\/","title":{"rendered":"SORTIDA DE GERMANOR:&#8221;PORCEL DE CERVERA&#8221;"},"content":{"rendered":"<p><a href=\"https:\/\/agora.xtec.cat\/zer-pedrera\/wp-content\/uploads\/usu1473\/2022\/10\/sortida-de-germanor.png\"><img loading=\"lazy\" decoding=\"async\" class=\"alignnone size-full wp-image-6011\" src=\"https:\/\/agora.xtec.cat\/zer-pedrera\/wp-content\/uploads\/usu1473\/2022\/10\/sortida-de-germanor.png\" alt=\"\" width=\"800\" height=\"600\" srcset=\"https:\/\/agora.xtec.cat\/zer-pedrera\/wp-content\/uploads\/usu1473\/2022\/10\/sortida-de-germanor.png 800w, https:\/\/agora.xtec.cat\/zer-pedrera\/wp-content\/uploads\/usu1473\/2022\/10\/sortida-de-germanor-300x225.png 300w, https:\/\/agora.xtec.cat\/zer-pedrera\/wp-content\/uploads\/usu1473\/2022\/10\/sortida-de-germanor-768x576.png 768w, https:\/\/agora.xtec.cat\/zer-pedrera\/wp-content\/uploads\/usu1473\/2022\/10\/sortida-de-germanor-200x150.png 200w\" sizes=\"auto, (max-width: 800px) 100vw, 800px\" \/><\/a><\/p>\n<p>Ei, Com ja hem comen\u00e7at el curs i tal com vam fer el curs passat, el proper divendres 7 d&#8217;octubre anirem a LA TAULA DE PEDRA altre cop, i all\u00ed realitzarem diverses activitats.<\/p>\n<p>Per a m\u00e9s informaci\u00f3 llegiu el cartell de la sortida que han realitzat els alumnes de 3er i 4rt.Els alumnes de C. Superior ha fet la geolocalitzaci\u00f3,l&#8217; itinerari fins all\u00ed. Tamb\u00e9 es pot veure fent un clic a l&#8217;<a href=\"https:\/\/photos.app.goo.gl\/CEsKyN3MWNzYeZLC9\"> enlla\u00e7<\/a>.<\/p>\n<p>Esperem que tinguem un bon mat\u00ed!!.<\/p>\n<p>&nbsp;<\/p>\n","protected":false},"excerpt":{"rendered":"<p><a href=\"https:\/\/agora.xtec.cat\/zer-pedrera\/wp-content\/uploads\/usu1473\/2022\/10\/sortida-de-germanor.png\"><\/a><br \/>\nEi, Com ja hem comen\u00e7at el curs i tal com vam fer el curs passat, el proper divendres 7 d&#8217;octubre anirem a LA TAULA DE PEDRA altre cop, i all\u00ed realitzarem diverses activitats.<br \/>\nPer a m\u00e9s informaci\u00f3 llegiu el cartell de la sortida que han&hellip;  <a href=\"https:\/\/agora.xtec.cat\/zer-pedrera\/general\/sortida-de-germanorporcel-de-cervera\/\" title=\"Read SORTIDA DE GERMANOR:&#8221;PORCEL DE CERVERA&#8221;\">Llegeix m\u00e9s\u00bb<\/a><\/p>\n","protected":false},"author":1,"featured_media":6011,"comment_status":"open","ping_status":"closed","sticky":false,"template":"","format":"standard","meta":{"_bbp_topic_count":0,"_bbp_reply_count":0,"_bbp_total_topic_count":0,"_bbp_total_reply_count":0,"_bbp_voice_count":0,"_bbp_anonymous_reply_count":0,"_bbp_topic_count_hidden":0,"_bbp_reply_count_hidden":0,"_bbp_forum_subforum_count":0,"footnotes":""},"categories":[1,29],"tags":[],"class_list":["post-6010","post","type-post","status-publish","format-standard","has-post-thumbnail","hentry","category-general","category-portada"],"post_mailing_queue_ids":[],"_links":{"self":[{"href":"https:\/\/agora.xtec.cat\/zer-pedrera\/wp-json\/wp\/v2\/posts\/6010","targetHints":{"allow":["GET"]}}],"collection":[{"href":"https:\/\/agora.xtec.cat\/zer-pedrera\/wp-json\/wp\/v2\/posts"}],"about":[{"href":"https:\/\/agora.xtec.cat\/zer-pedrera\/wp-json\/wp\/v2\/types\/post"}],"author":[{"embeddable":true,"href":"https:\/\/agora.xtec.cat\/zer-pedrera\/wp-json\/wp\/v2\/users\/1"}],"replies":[{"embeddable":true,"href":"https:\/\/agora.xtec.cat\/zer-pedrera\/wp-json\/wp\/v2\/comments?post=6010"}],"version-history":[{"count":3,"href":"https:\/\/agora.xtec.cat\/zer-pedrera\/wp-json\/wp\/v2\/posts\/6010\/revisions"}],"predecessor-version":[{"id":6017,"href":"https:\/\/agora.xtec.cat\/zer-pedrera\/wp-json\/wp\/v2\/posts\/6010\/revisions\/6017"}],"wp:featuredmedia":[{"embeddable":true,"href":"https:\/\/agora.xtec.cat\/zer-pedrera\/wp-json\/wp\/v2\/media\/6011"}],"wp:attachment":[{"href":"https:\/\/agora.xtec.cat\/zer-pedrera\/wp-json\/wp\/v2\/media?parent=6010"}],"wp:term":[{"taxonomy":"category","embeddable":true,"href":"https:\/\/agora.xtec.cat\/zer-pedrera\/wp-json\/wp\/v2\/categories?post=6010"},{"taxonomy":"post_tag","embeddable":true,"href":"https:\/\/agora.xtec.cat\/zer-pedrera\/wp-json\/wp\/v2\/tags?post=6010"}],"curies":[{"name":"wp","href":"https:\/\/api.w.org\/{rel}","templated":true}]}}