{"id":5986,"date":"2022-09-29T22:57:06","date_gmt":"2022-09-29T20:57:06","guid":{"rendered":"https:\/\/agora.xtec.cat\/zer-pedrera\/?p=5986"},"modified":"2022-09-29T23:05:59","modified_gmt":"2022-09-29T21:05:59","slug":"cm-i-cs-de-lescola-abat-ruera-concert-musical","status":"publish","type":"post","link":"https:\/\/agora.xtec.cat\/zer-pedrera\/general\/cm-i-cs-de-lescola-abat-ruera-concert-musical\/","title":{"rendered":"CM i CS de l&#8217;escola Abat Ruera. Concert musical"},"content":{"rendered":"<p style=\"text-align: left;\">Els alumnes de CM i CS han estat practicant la can\u00e7\u00f3 &#8220;D\u00e9u vos guard&#8221; de Mozart amb diferents instruments musicals. Despr\u00e9s d&#8217;uns dies han decidit que ja era el moment de fer-nos un petit recital a tots els alumnes de la nostra escola. Han passat per totes les aules i ho han fet molt i molt b\u00e9. Moltes felicitats pels nostres petits grans m\u00fasics!!!<\/p>\n<div style=\"text-align: center;\"><a href=\"https:\/\/photos.app.goo.gl\/GL3NLSMjvui5KzFfA\" target=\"_blank\" rel=\"noopener\"><img loading=\"lazy\" decoding=\"async\" class=\"alignnone size-full wp-image-5987\" src=\"https:\/\/agora.xtec.cat\/zer-pedrera\/wp-content\/uploads\/usu1473\/2022\/09\/1664204392379.jpg\" alt=\"\" width=\"591\" height=\"443\" srcset=\"https:\/\/agora.xtec.cat\/zer-pedrera\/wp-content\/uploads\/usu1473\/2022\/09\/1664204392379.jpg 591w, https:\/\/agora.xtec.cat\/zer-pedrera\/wp-content\/uploads\/usu1473\/2022\/09\/1664204392379-300x225.jpg 300w, https:\/\/agora.xtec.cat\/zer-pedrera\/wp-content\/uploads\/usu1473\/2022\/09\/1664204392379-200x150.jpg 200w\" sizes=\"auto, (max-width: 591px) 100vw, 591px\" \/><\/a><\/div>\n","protected":false},"excerpt":{"rendered":"<p>Els alumnes de CM i CS han estat practicant la can\u00e7\u00f3 &#8220;D\u00e9u vos guard&#8221; de Mozart amb diferents instruments musicals. Despr\u00e9s d&#8217;uns dies han decidit que ja era el moment de fer-nos un petit recital a tots els alumnes de la nostra escola. Han passat&hellip;  <a href=\"https:\/\/agora.xtec.cat\/zer-pedrera\/general\/cm-i-cs-de-lescola-abat-ruera-concert-musical\/\" title=\"Read CM i CS de l&#8217;escola Abat Ruera. Concert musical\">Llegeix m\u00e9s\u00bb<\/a><\/p>\n","protected":false},"author":1,"featured_media":5987,"comment_status":"open","ping_status":"closed","sticky":false,"template":"","format":"standard","meta":{"_bbp_topic_count":0,"_bbp_reply_count":0,"_bbp_total_topic_count":0,"_bbp_total_reply_count":0,"_bbp_voice_count":0,"_bbp_anonymous_reply_count":0,"_bbp_topic_count_hidden":0,"_bbp_reply_count_hidden":0,"_bbp_forum_subforum_count":0,"footnotes":""},"categories":[113,110,1,117,29,89,120],"tags":[],"class_list":["post-5986","post","type-post","status-publish","format-standard","has-post-thumbnail","hentry","category-e-infantil","category-escola-abat-ruera","category-general","category-musica","category-portada","category-primaria","category-projectes"],"post_mailing_queue_ids":[],"_links":{"self":[{"href":"https:\/\/agora.xtec.cat\/zer-pedrera\/wp-json\/wp\/v2\/posts\/5986","targetHints":{"allow":["GET"]}}],"collection":[{"href":"https:\/\/agora.xtec.cat\/zer-pedrera\/wp-json\/wp\/v2\/posts"}],"about":[{"href":"https:\/\/agora.xtec.cat\/zer-pedrera\/wp-json\/wp\/v2\/types\/post"}],"author":[{"embeddable":true,"href":"https:\/\/agora.xtec.cat\/zer-pedrera\/wp-json\/wp\/v2\/users\/1"}],"replies":[{"embeddable":true,"href":"https:\/\/agora.xtec.cat\/zer-pedrera\/wp-json\/wp\/v2\/comments?post=5986"}],"version-history":[{"count":1,"href":"https:\/\/agora.xtec.cat\/zer-pedrera\/wp-json\/wp\/v2\/posts\/5986\/revisions"}],"predecessor-version":[{"id":5988,"href":"https:\/\/agora.xtec.cat\/zer-pedrera\/wp-json\/wp\/v2\/posts\/5986\/revisions\/5988"}],"wp:featuredmedia":[{"embeddable":true,"href":"https:\/\/agora.xtec.cat\/zer-pedrera\/wp-json\/wp\/v2\/media\/5987"}],"wp:attachment":[{"href":"https:\/\/agora.xtec.cat\/zer-pedrera\/wp-json\/wp\/v2\/media?parent=5986"}],"wp:term":[{"taxonomy":"category","embeddable":true,"href":"https:\/\/agora.xtec.cat\/zer-pedrera\/wp-json\/wp\/v2\/categories?post=5986"},{"taxonomy":"post_tag","embeddable":true,"href":"https:\/\/agora.xtec.cat\/zer-pedrera\/wp-json\/wp\/v2\/tags?post=5986"}],"curies":[{"name":"wp","href":"https:\/\/api.w.org\/{rel}","templated":true}]}}