{"id":5968,"date":"2022-09-26T19:37:03","date_gmt":"2022-09-26T17:37:03","guid":{"rendered":"https:\/\/agora.xtec.cat\/zer-pedrera\/?p=5968"},"modified":"2022-09-26T19:37:03","modified_gmt":"2022-09-26T17:37:03","slug":"escola-abat-ruera-fem-murals","status":"publish","type":"post","link":"https:\/\/agora.xtec.cat\/zer-pedrera\/general\/escola-abat-ruera-fem-murals\/","title":{"rendered":"Escola Abat Ruera. Fem murals"},"content":{"rendered":"<p>En l&#8217;\u00e0rea de Pl\u00e0stica els alumnes de l&#8217;escola, des dels m\u00e9s petitets fins als m\u00e9s grans, han creat murals. Primer de tot han decidit que dibuixar. Aquest primer pas ha suposat haver d&#8217;arribar a un consens. A vegades no ha estat del tot f\u00e0cil, per\u00f2 al final ho han aconseguit!!! Per \u00faltim, han pintat amb pintures. Uf!!! Moment cr\u00edtic, per\u00f2 al mateix temps molt gratificant perqu\u00e8 els alumnes han pogut observar com els seus murals agafaven forma.<br \/>\nPer veure m\u00e9s fotografies clicar damunt de la imatge.<\/p>\n<p style=\"text-align: center;\"><a href=\"https:\/\/photos.app.goo.gl\/PVZLVUBJZ8zAZygH7\" target=\"_blank\" rel=\"noopener\"><img loading=\"lazy\" decoding=\"async\" class=\"alignnone size-full wp-image-5969\" src=\"https:\/\/agora.xtec.cat\/zer-pedrera\/wp-content\/uploads\/usu1473\/2022\/09\/1664098250329.jpg\" alt=\"\" width=\"420\" height=\"351\" srcset=\"https:\/\/agora.xtec.cat\/zer-pedrera\/wp-content\/uploads\/usu1473\/2022\/09\/1664098250329.jpg 420w, https:\/\/agora.xtec.cat\/zer-pedrera\/wp-content\/uploads\/usu1473\/2022\/09\/1664098250329-300x250.jpg 300w\" sizes=\"auto, (max-width: 420px) 100vw, 420px\" \/><\/a><\/p>\n<p>&nbsp;<\/p>\n","protected":false},"excerpt":{"rendered":"<p>En l&#8217;\u00e0rea de Pl\u00e0stica els alumnes de l&#8217;escola, des dels m\u00e9s petitets fins als m\u00e9s grans, han creat murals. Primer de tot han decidit que dibuixar. Aquest primer pas ha suposat haver d&#8217;arribar a un consens. A vegades no ha estat del tot f\u00e0cil, per\u00f2&hellip;  <a href=\"https:\/\/agora.xtec.cat\/zer-pedrera\/general\/escola-abat-ruera-fem-murals\/\" title=\"Read Escola Abat Ruera. Fem murals\">Llegeix m\u00e9s\u00bb<\/a><\/p>\n","protected":false},"author":1,"featured_media":5969,"comment_status":"open","ping_status":"closed","sticky":false,"template":"","format":"standard","meta":{"_bbp_topic_count":0,"_bbp_reply_count":0,"_bbp_total_topic_count":0,"_bbp_total_reply_count":0,"_bbp_voice_count":0,"_bbp_anonymous_reply_count":0,"_bbp_topic_count_hidden":0,"_bbp_reply_count_hidden":0,"_bbp_forum_subforum_count":0,"footnotes":""},"categories":[113,110,1,119,29,89,120],"tags":[],"class_list":["post-5968","post","type-post","status-publish","format-standard","has-post-thumbnail","hentry","category-e-infantil","category-escola-abat-ruera","category-general","category-plastica","category-portada","category-primaria","category-projectes"],"post_mailing_queue_ids":[],"_links":{"self":[{"href":"https:\/\/agora.xtec.cat\/zer-pedrera\/wp-json\/wp\/v2\/posts\/5968","targetHints":{"allow":["GET"]}}],"collection":[{"href":"https:\/\/agora.xtec.cat\/zer-pedrera\/wp-json\/wp\/v2\/posts"}],"about":[{"href":"https:\/\/agora.xtec.cat\/zer-pedrera\/wp-json\/wp\/v2\/types\/post"}],"author":[{"embeddable":true,"href":"https:\/\/agora.xtec.cat\/zer-pedrera\/wp-json\/wp\/v2\/users\/1"}],"replies":[{"embeddable":true,"href":"https:\/\/agora.xtec.cat\/zer-pedrera\/wp-json\/wp\/v2\/comments?post=5968"}],"version-history":[{"count":1,"href":"https:\/\/agora.xtec.cat\/zer-pedrera\/wp-json\/wp\/v2\/posts\/5968\/revisions"}],"predecessor-version":[{"id":5970,"href":"https:\/\/agora.xtec.cat\/zer-pedrera\/wp-json\/wp\/v2\/posts\/5968\/revisions\/5970"}],"wp:featuredmedia":[{"embeddable":true,"href":"https:\/\/agora.xtec.cat\/zer-pedrera\/wp-json\/wp\/v2\/media\/5969"}],"wp:attachment":[{"href":"https:\/\/agora.xtec.cat\/zer-pedrera\/wp-json\/wp\/v2\/media?parent=5968"}],"wp:term":[{"taxonomy":"category","embeddable":true,"href":"https:\/\/agora.xtec.cat\/zer-pedrera\/wp-json\/wp\/v2\/categories?post=5968"},{"taxonomy":"post_tag","embeddable":true,"href":"https:\/\/agora.xtec.cat\/zer-pedrera\/wp-json\/wp\/v2\/tags?post=5968"}],"curies":[{"name":"wp","href":"https:\/\/api.w.org\/{rel}","templated":true}]}}