{"id":5963,"date":"2022-09-26T19:00:19","date_gmt":"2022-09-26T17:00:19","guid":{"rendered":"https:\/\/agora.xtec.cat\/zer-pedrera\/?p=5963"},"modified":"2022-09-26T19:00:19","modified_gmt":"2022-09-26T17:00:19","slug":"ei-a-lescola-abat-ruera-primers-dies-a-educacio-infantil","status":"publish","type":"post","link":"https:\/\/agora.xtec.cat\/zer-pedrera\/general\/ei-a-lescola-abat-ruera-primers-dies-a-educacio-infantil\/","title":{"rendered":"EI a l&#8217;escola Abat Ruera. Primers dies a Educaci\u00f3 Infantil"},"content":{"rendered":"<p>Els primers dies s\u00f3n molt emocionants per tots els alumnes per\u00f2 sobretot pels m\u00e9s petitons de l&#8217;escola. Els alumnes d&#8217;Educaci\u00f3 Infantil s&#8217;han adaptat molt b\u00e9 al ritme escolar. Han jugat molt\u00edssim, per\u00f2 tamb\u00e9 han comen\u00e7at a fer fitxes!!! Quina emoci\u00f3!!!<br \/>\nPer veure m\u00e9s fotografies dels primers dies clicar damunt de la imatge.<\/p>\n<p style=\"text-align: center;\"><a href=\"https:\/\/photos.app.goo.gl\/uV5gtGBxyzKgswsS6\" target=\"_blank\" rel=\"noopener\"><img loading=\"lazy\" decoding=\"async\" class=\"alignnone size-full wp-image-5964\" src=\"https:\/\/agora.xtec.cat\/zer-pedrera\/wp-content\/uploads\/usu1473\/2022\/09\/1664098002308.jpg\" alt=\"\" width=\"591\" height=\"443\" srcset=\"https:\/\/agora.xtec.cat\/zer-pedrera\/wp-content\/uploads\/usu1473\/2022\/09\/1664098002308.jpg 591w, https:\/\/agora.xtec.cat\/zer-pedrera\/wp-content\/uploads\/usu1473\/2022\/09\/1664098002308-300x225.jpg 300w, https:\/\/agora.xtec.cat\/zer-pedrera\/wp-content\/uploads\/usu1473\/2022\/09\/1664098002308-200x150.jpg 200w\" sizes=\"auto, (max-width: 591px) 100vw, 591px\" \/><\/a><\/p>\n","protected":false},"excerpt":{"rendered":"<p>Els primers dies s\u00f3n molt emocionants per tots els alumnes per\u00f2 sobretot pels m\u00e9s petitons de l&#8217;escola. Els alumnes d&#8217;Educaci\u00f3 Infantil s&#8217;han adaptat molt b\u00e9 al ritme escolar. Han jugat molt\u00edssim, per\u00f2 tamb\u00e9 han comen\u00e7at a fer fitxes!!! Quina emoci\u00f3!!!<br \/>\nPer veure m\u00e9s fotografies dels primers&hellip;  <a href=\"https:\/\/agora.xtec.cat\/zer-pedrera\/general\/ei-a-lescola-abat-ruera-primers-dies-a-educacio-infantil\/\" title=\"Read EI a l&#8217;escola Abat Ruera. Primers dies a Educaci\u00f3 Infantil\">Llegeix m\u00e9s\u00bb<\/a><\/p>\n","protected":false},"author":1,"featured_media":5964,"comment_status":"open","ping_status":"closed","sticky":false,"template":"","format":"standard","meta":{"_bbp_topic_count":0,"_bbp_reply_count":0,"_bbp_total_topic_count":0,"_bbp_total_reply_count":0,"_bbp_voice_count":0,"_bbp_anonymous_reply_count":0,"_bbp_topic_count_hidden":0,"_bbp_reply_count_hidden":0,"_bbp_forum_subforum_count":0,"footnotes":""},"categories":[113,110,1,29],"tags":[],"class_list":["post-5963","post","type-post","status-publish","format-standard","has-post-thumbnail","hentry","category-e-infantil","category-escola-abat-ruera","category-general","category-portada"],"post_mailing_queue_ids":[],"_links":{"self":[{"href":"https:\/\/agora.xtec.cat\/zer-pedrera\/wp-json\/wp\/v2\/posts\/5963","targetHints":{"allow":["GET"]}}],"collection":[{"href":"https:\/\/agora.xtec.cat\/zer-pedrera\/wp-json\/wp\/v2\/posts"}],"about":[{"href":"https:\/\/agora.xtec.cat\/zer-pedrera\/wp-json\/wp\/v2\/types\/post"}],"author":[{"embeddable":true,"href":"https:\/\/agora.xtec.cat\/zer-pedrera\/wp-json\/wp\/v2\/users\/1"}],"replies":[{"embeddable":true,"href":"https:\/\/agora.xtec.cat\/zer-pedrera\/wp-json\/wp\/v2\/comments?post=5963"}],"version-history":[{"count":1,"href":"https:\/\/agora.xtec.cat\/zer-pedrera\/wp-json\/wp\/v2\/posts\/5963\/revisions"}],"predecessor-version":[{"id":5965,"href":"https:\/\/agora.xtec.cat\/zer-pedrera\/wp-json\/wp\/v2\/posts\/5963\/revisions\/5965"}],"wp:featuredmedia":[{"embeddable":true,"href":"https:\/\/agora.xtec.cat\/zer-pedrera\/wp-json\/wp\/v2\/media\/5964"}],"wp:attachment":[{"href":"https:\/\/agora.xtec.cat\/zer-pedrera\/wp-json\/wp\/v2\/media?parent=5963"}],"wp:term":[{"taxonomy":"category","embeddable":true,"href":"https:\/\/agora.xtec.cat\/zer-pedrera\/wp-json\/wp\/v2\/categories?post=5963"},{"taxonomy":"post_tag","embeddable":true,"href":"https:\/\/agora.xtec.cat\/zer-pedrera\/wp-json\/wp\/v2\/tags?post=5963"}],"curies":[{"name":"wp","href":"https:\/\/api.w.org\/{rel}","templated":true}]}}