{"id":5956,"date":"2022-09-05T16:19:40","date_gmt":"2022-09-05T14:19:40","guid":{"rendered":"https:\/\/agora.xtec.cat\/zer-pedrera\/?p=5956"},"modified":"2022-09-19T16:27:18","modified_gmt":"2022-09-19T14:27:18","slug":"molt-bon-inici-de-curs-2022-2023","status":"publish","type":"post","link":"https:\/\/agora.xtec.cat\/zer-pedrera\/general\/molt-bon-inici-de-curs-2022-2023\/","title":{"rendered":"MOLT BON INICI DE CURS 2022-2023!"},"content":{"rendered":"<p>Benvolgudes fam\u00edlies,<\/p>\n<p>Comen\u00e7a un nou curs!<\/p>\n<p>Esperem que sigui un curs ple d&#8217;alegria, d&#8217;emocions, de diversi\u00f3 i d&#8217;aprenentatge!<\/p>\n<p>Un curs que es caracteritzar\u00e0 per nous aspectes organitzatius, com per exemple les tardes de lleure educatiu del setembre, per la implementaci\u00f3 d&#8217;un nou curr\u00edculum a Educaci\u00f3 Prim\u00e0ria, que suposar\u00e0, entre altres aspectes, l&#8217;establiment de quatre hores i mitja de treball per projectes interdisciplinaris i finalment, la implantaci\u00f3 del Primer Cicle d&#8217;Educaci\u00f3 Infantil a l&#8217;escola Abat Ruera.<\/p>\n<p>Per informaci\u00f3 detallada de com anir\u00e0 el curs, podeu consultar els les planificacions anuals de les escoles de la ZER, a l&#8217;apartat &#8220;Documents&#8221; d&#8217;aquest mateix blog.<\/p>\n<p>MOLT BON CURS 2022-2023!!!<\/p>\n<p><a href=\"https:\/\/agora.xtec.cat\/zer-pedrera\/wp-content\/uploads\/usu1473\/2022\/09\/11111111.jpg\"><img loading=\"lazy\" decoding=\"async\" class=\"alignnone size-full wp-image-5957\" src=\"https:\/\/agora.xtec.cat\/zer-pedrera\/wp-content\/uploads\/usu1473\/2022\/09\/11111111.jpg\" alt=\"\" width=\"1024\" height=\"724\" srcset=\"https:\/\/agora.xtec.cat\/zer-pedrera\/wp-content\/uploads\/usu1473\/2022\/09\/11111111.jpg 1024w, https:\/\/agora.xtec.cat\/zer-pedrera\/wp-content\/uploads\/usu1473\/2022\/09\/11111111-300x212.jpg 300w, https:\/\/agora.xtec.cat\/zer-pedrera\/wp-content\/uploads\/usu1473\/2022\/09\/11111111-768x543.jpg 768w\" sizes=\"auto, (max-width: 1024px) 100vw, 1024px\" \/><\/a><\/p>\n","protected":false},"excerpt":{"rendered":"<p>Benvolgudes fam\u00edlies,<br \/>\nComen\u00e7a un nou curs!<br \/>\nEsperem que sigui un curs ple d&#8217;alegria, d&#8217;emocions, de diversi\u00f3 i d&#8217;aprenentatge!<br \/>\nUn curs que es caracteritzar\u00e0 per nous aspectes organitzatius, com per exemple les tardes de lleure educatiu del setembre, per la implementaci\u00f3 d&#8217;un nou curr\u00edculum a Educaci\u00f3 Prim\u00e0ria, que suposar\u00e0,&hellip;  <a href=\"https:\/\/agora.xtec.cat\/zer-pedrera\/general\/molt-bon-inici-de-curs-2022-2023\/\" title=\"Read MOLT BON INICI DE CURS 2022-2023!\">Llegeix m\u00e9s\u00bb<\/a><\/p>\n","protected":false},"author":1,"featured_media":5957,"comment_status":"open","ping_status":"closed","sticky":false,"template":"","format":"standard","meta":{"_bbp_topic_count":0,"_bbp_reply_count":0,"_bbp_total_topic_count":0,"_bbp_total_reply_count":0,"_bbp_voice_count":0,"_bbp_anonymous_reply_count":0,"_bbp_topic_count_hidden":0,"_bbp_reply_count_hidden":0,"_bbp_forum_subforum_count":0,"footnotes":""},"categories":[113,1,29,89],"tags":[],"class_list":["post-5956","post","type-post","status-publish","format-standard","has-post-thumbnail","hentry","category-e-infantil","category-general","category-portada","category-primaria"],"post_mailing_queue_ids":[],"_links":{"self":[{"href":"https:\/\/agora.xtec.cat\/zer-pedrera\/wp-json\/wp\/v2\/posts\/5956","targetHints":{"allow":["GET"]}}],"collection":[{"href":"https:\/\/agora.xtec.cat\/zer-pedrera\/wp-json\/wp\/v2\/posts"}],"about":[{"href":"https:\/\/agora.xtec.cat\/zer-pedrera\/wp-json\/wp\/v2\/types\/post"}],"author":[{"embeddable":true,"href":"https:\/\/agora.xtec.cat\/zer-pedrera\/wp-json\/wp\/v2\/users\/1"}],"replies":[{"embeddable":true,"href":"https:\/\/agora.xtec.cat\/zer-pedrera\/wp-json\/wp\/v2\/comments?post=5956"}],"version-history":[{"count":1,"href":"https:\/\/agora.xtec.cat\/zer-pedrera\/wp-json\/wp\/v2\/posts\/5956\/revisions"}],"predecessor-version":[{"id":5958,"href":"https:\/\/agora.xtec.cat\/zer-pedrera\/wp-json\/wp\/v2\/posts\/5956\/revisions\/5958"}],"wp:featuredmedia":[{"embeddable":true,"href":"https:\/\/agora.xtec.cat\/zer-pedrera\/wp-json\/wp\/v2\/media\/5957"}],"wp:attachment":[{"href":"https:\/\/agora.xtec.cat\/zer-pedrera\/wp-json\/wp\/v2\/media?parent=5956"}],"wp:term":[{"taxonomy":"category","embeddable":true,"href":"https:\/\/agora.xtec.cat\/zer-pedrera\/wp-json\/wp\/v2\/categories?post=5956"},{"taxonomy":"post_tag","embeddable":true,"href":"https:\/\/agora.xtec.cat\/zer-pedrera\/wp-json\/wp\/v2\/tags?post=5956"}],"curies":[{"name":"wp","href":"https:\/\/api.w.org\/{rel}","templated":true}]}}