{"id":5925,"date":"2022-07-01T11:13:32","date_gmt":"2022-07-01T09:13:32","guid":{"rendered":"https:\/\/agora.xtec.cat\/zer-pedrera\/?p=5925"},"modified":"2022-07-01T19:29:03","modified_gmt":"2022-07-01T17:29:03","slug":"festa-final-de-curs-de-lescola-porcel-de-cervera","status":"publish","type":"post","link":"https:\/\/agora.xtec.cat\/zer-pedrera\/portada\/festa-final-de-curs-de-lescola-porcel-de-cervera\/","title":{"rendered":"FESTA FINAL DE CURS DE L&#8217;ESCOLA PORCEL DE CERVERA."},"content":{"rendered":"<p>Ahir va \u00e9sser un dia especial, tanc\u00e0vem un altre curs que havia comen\u00e7at ple d&#8217;incerteses i protocols canviants a causa de la covid, i que finalment l&#8217;hem pogut acabar fent festa tota la comunitat educativa com es feia abans de la pand\u00e8mia.<\/p>\n<p>Vam iniciar les celebracions de final de curs amb el sopar amb les fam\u00edlies, un sopar de germanor en el qual l&#8217;AMPA va fer un obsequi a l&#8217;Encarna per la seva jubilaci\u00f3 per agrair-li aquests anys de dedicaci\u00f3 a la nostra escola.<\/p>\n<p>El dimarts vam celebrar la trobada de final de curs, juntament amb la comunitat educativa de l&#8217;escola Abat Ruera, en la qual vam gaudir d&#8217;un espectacle musical i d&#8217;escuma a m\u00e9s d&#8217;un bon esmorzar\u00a0 gentilesa de l&#8217;Associaci\u00f3 de Mares i Pares de l&#8217;escola Porcel de Cervera.<\/p>\n<p>Finalment, i per concloure les celebracions, vam tenir un mat\u00ed d&#8217;all\u00f2 m\u00e9s distret. Vam comen\u00e7ar felicitant a la Noa que ahir feia el seu aniversari, seguidament vam veure el v\u00eddeo de record dels alumnes que aquest any acaben l&#8217;etapa de prim\u00e0ria: l&#8217;Alba i l&#8217;Adri\u00e0.<\/p>\n<p>Un cop vist el v\u00eddeo\u00a0 vam sortir al pati on vam realitzar l&#8217;entrega d&#8217;orles als alumnes de 6\u00e8 que ens vam\u00a0 llegir unes paraules del seu pas per l&#8217;escola.<\/p>\n<p>La Marta, la seva tutora i l&#8217;Encarna, la directora, van entregar als alumnes de 6\u00e8, a m\u00e9s de les orles,\u00a0 els contes i els alumnes van llen\u00e7ar els seus birrets com a mostra d&#8217;alegria de la culminaci\u00f3 amb \u00e8xit de la seva etapa de prim\u00e0ria.<\/p>\n<p>Posteriorment es va fer entrega a cada uns dels infants de l&#8217;escola d&#8217;un diploma i de les fotos que per gentilesa de l&#8217;AMPA es van fer als nens fa uns dies.<\/p>\n<p>En acabar l&#8217;acte, vam esmorzar i vam poder gaudir d&#8217;unes activitats l\u00fadiques que consistien en:<\/p>\n<ul>\n<li>un taller de zumba, a c\u00e0rrec de la mestra m\u00e9s zumbera de l&#8217;escola, la L\u00eddia<\/li>\n<li>d&#8217;un taller de m\u00fasica corporal, a c\u00e0rrec de la Marta<\/li>\n<li>i d&#8217;una gimcana, a c\u00e0rrec del Joel.<\/li>\n<\/ul>\n<p>Per finalitzar el dia, l&#8217;escola va voler obsequiar als alumnes amb un gelat amb el que tots ens vam poder refrescar.<\/p>\n<p>Si\u00a0 voleu veure les fotos i\u00a0 els v\u00eddeos cliqueu damunt de la imatge.<\/p>\n<p><a href=\"https:\/\/photos.app.goo.gl\/uuKVBAzJ8cqvtqaz8\"><img loading=\"lazy\" decoding=\"async\" class=\"size-full wp-image-5928 aligncenter\" src=\"https:\/\/agora.xtec.cat\/zer-pedrera\/wp-content\/uploads\/usu1473\/2022\/06\/2.jpg\" alt=\"\" width=\"500\" height=\"282\" srcset=\"https:\/\/agora.xtec.cat\/zer-pedrera\/wp-content\/uploads\/usu1473\/2022\/06\/2.jpg 500w, https:\/\/agora.xtec.cat\/zer-pedrera\/wp-content\/uploads\/usu1473\/2022\/06\/2-300x169.jpg 300w\" sizes=\"auto, (max-width: 500px) 100vw, 500px\" \/><\/a><\/p>\n","protected":false},"excerpt":{"rendered":"<p>Ahir va \u00e9sser un dia especial, tanc\u00e0vem un altre curs que havia comen\u00e7at ple d&#8217;incerteses i protocols canviants a causa de la covid, i que finalment l&#8217;hem pogut acabar fent festa tota la comunitat educativa com es feia abans de la pand\u00e8mia.<br \/>\nVam iniciar les celebracions&hellip;  <a href=\"https:\/\/agora.xtec.cat\/zer-pedrera\/portada\/festa-final-de-curs-de-lescola-porcel-de-cervera\/\" title=\"Read FESTA FINAL DE CURS DE L&#8217;ESCOLA PORCEL DE CERVERA.\">Llegeix m\u00e9s\u00bb<\/a><\/p>\n","protected":false},"author":1,"featured_media":0,"comment_status":"open","ping_status":"closed","sticky":false,"template":"","format":"standard","meta":{"_bbp_topic_count":0,"_bbp_reply_count":0,"_bbp_total_topic_count":0,"_bbp_total_reply_count":0,"_bbp_voice_count":0,"_bbp_anonymous_reply_count":0,"_bbp_topic_count_hidden":0,"_bbp_reply_count_hidden":0,"_bbp_forum_subforum_count":0,"footnotes":""},"categories":[113,111,29,89],"tags":[],"class_list":["post-5925","post","type-post","status-publish","format-standard","hentry","category-e-infantil","category-escola-porcel-de-cervera","category-portada","category-primaria"],"post_mailing_queue_ids":[],"_links":{"self":[{"href":"https:\/\/agora.xtec.cat\/zer-pedrera\/wp-json\/wp\/v2\/posts\/5925","targetHints":{"allow":["GET"]}}],"collection":[{"href":"https:\/\/agora.xtec.cat\/zer-pedrera\/wp-json\/wp\/v2\/posts"}],"about":[{"href":"https:\/\/agora.xtec.cat\/zer-pedrera\/wp-json\/wp\/v2\/types\/post"}],"author":[{"embeddable":true,"href":"https:\/\/agora.xtec.cat\/zer-pedrera\/wp-json\/wp\/v2\/users\/1"}],"replies":[{"embeddable":true,"href":"https:\/\/agora.xtec.cat\/zer-pedrera\/wp-json\/wp\/v2\/comments?post=5925"}],"version-history":[{"count":3,"href":"https:\/\/agora.xtec.cat\/zer-pedrera\/wp-json\/wp\/v2\/posts\/5925\/revisions"}],"predecessor-version":[{"id":5942,"href":"https:\/\/agora.xtec.cat\/zer-pedrera\/wp-json\/wp\/v2\/posts\/5925\/revisions\/5942"}],"wp:attachment":[{"href":"https:\/\/agora.xtec.cat\/zer-pedrera\/wp-json\/wp\/v2\/media?parent=5925"}],"wp:term":[{"taxonomy":"category","embeddable":true,"href":"https:\/\/agora.xtec.cat\/zer-pedrera\/wp-json\/wp\/v2\/categories?post=5925"},{"taxonomy":"post_tag","embeddable":true,"href":"https:\/\/agora.xtec.cat\/zer-pedrera\/wp-json\/wp\/v2\/tags?post=5925"}],"curies":[{"name":"wp","href":"https:\/\/api.w.org\/{rel}","templated":true}]}}