{"id":5917,"date":"2022-06-22T18:20:52","date_gmt":"2022-06-22T16:20:52","guid":{"rendered":"https:\/\/agora.xtec.cat\/zer-pedrera\/?p=5917"},"modified":"2022-06-22T18:20:52","modified_gmt":"2022-06-22T16:20:52","slug":"avui-la-noa-ha-fet-6-anys","status":"publish","type":"post","link":"https:\/\/agora.xtec.cat\/zer-pedrera\/primaria\/avui-la-noa-ha-fet-6-anys\/","title":{"rendered":"Avui la Noa ha fet 6 anys!!!!"},"content":{"rendered":"<p>Avui la Noa fa 6 anys!!!! A m\u00e9s a m\u00e9s de les emocions de l&#8217;\u00faltim dia de curs, a la classe dels petits hi hem celebrat l&#8217;aniversari de la Noa. Li hem cantat tots junts la can\u00e7\u00f3 i l&#8217;hem felicitat. M\u00e9s tard la Noa ha volgut donar a cada nen i nena un detall amb el que han estat s\u00faper contents.<\/p>\n<p>Que tinguis un feli\u00e7 dia Noa!!!!<\/p>\n<p style=\"text-align: center;\"><a href=\"https:\/\/agora.xtec.cat\/zer-pedrera\/wp-content\/uploads\/usu1473\/2022\/06\/20220622_180106.jpg\"><img loading=\"lazy\" decoding=\"async\" class=\"alignnone size-full wp-image-5921\" src=\"https:\/\/agora.xtec.cat\/zer-pedrera\/wp-content\/uploads\/usu1473\/2022\/06\/20220622_180106.jpg\" alt=\"\" width=\"360\" height=\"360\" srcset=\"https:\/\/agora.xtec.cat\/zer-pedrera\/wp-content\/uploads\/usu1473\/2022\/06\/20220622_180106.jpg 360w, https:\/\/agora.xtec.cat\/zer-pedrera\/wp-content\/uploads\/usu1473\/2022\/06\/20220622_180106-300x300.jpg 300w, https:\/\/agora.xtec.cat\/zer-pedrera\/wp-content\/uploads\/usu1473\/2022\/06\/20220622_180106-150x150.jpg 150w\" sizes=\"auto, (max-width: 360px) 100vw, 360px\" \/><\/a><\/p>\n","protected":false},"excerpt":{"rendered":"<p>Avui la Noa fa 6 anys!!!! A m\u00e9s a m\u00e9s de les emocions de l&#8217;\u00faltim dia de curs, a la classe dels petits hi hem celebrat l&#8217;aniversari de la Noa. Li hem cantat tots junts la can\u00e7\u00f3 i l&#8217;hem felicitat. M\u00e9s tard la Noa ha&hellip;  <a href=\"https:\/\/agora.xtec.cat\/zer-pedrera\/primaria\/avui-la-noa-ha-fet-6-anys\/\" title=\"Read Avui la Noa ha fet 6 anys!!!!\">Llegeix m\u00e9s\u00bb<\/a><\/p>\n","protected":false},"author":1,"featured_media":5921,"comment_status":"open","ping_status":"closed","sticky":false,"template":"","format":"standard","meta":{"_bbp_topic_count":0,"_bbp_reply_count":0,"_bbp_total_topic_count":0,"_bbp_total_reply_count":0,"_bbp_voice_count":0,"_bbp_anonymous_reply_count":0,"_bbp_topic_count_hidden":0,"_bbp_reply_count_hidden":0,"_bbp_forum_subforum_count":0,"footnotes":""},"categories":[146,113,111,89],"tags":[],"class_list":["post-5917","post","type-post","status-publish","format-standard","has-post-thumbnail","hentry","category-aniversaris","category-e-infantil","category-escola-porcel-de-cervera","category-primaria"],"post_mailing_queue_ids":[],"_links":{"self":[{"href":"https:\/\/agora.xtec.cat\/zer-pedrera\/wp-json\/wp\/v2\/posts\/5917","targetHints":{"allow":["GET"]}}],"collection":[{"href":"https:\/\/agora.xtec.cat\/zer-pedrera\/wp-json\/wp\/v2\/posts"}],"about":[{"href":"https:\/\/agora.xtec.cat\/zer-pedrera\/wp-json\/wp\/v2\/types\/post"}],"author":[{"embeddable":true,"href":"https:\/\/agora.xtec.cat\/zer-pedrera\/wp-json\/wp\/v2\/users\/1"}],"replies":[{"embeddable":true,"href":"https:\/\/agora.xtec.cat\/zer-pedrera\/wp-json\/wp\/v2\/comments?post=5917"}],"version-history":[{"count":2,"href":"https:\/\/agora.xtec.cat\/zer-pedrera\/wp-json\/wp\/v2\/posts\/5917\/revisions"}],"predecessor-version":[{"id":5922,"href":"https:\/\/agora.xtec.cat\/zer-pedrera\/wp-json\/wp\/v2\/posts\/5917\/revisions\/5922"}],"wp:featuredmedia":[{"embeddable":true,"href":"https:\/\/agora.xtec.cat\/zer-pedrera\/wp-json\/wp\/v2\/media\/5921"}],"wp:attachment":[{"href":"https:\/\/agora.xtec.cat\/zer-pedrera\/wp-json\/wp\/v2\/media?parent=5917"}],"wp:term":[{"taxonomy":"category","embeddable":true,"href":"https:\/\/agora.xtec.cat\/zer-pedrera\/wp-json\/wp\/v2\/categories?post=5917"},{"taxonomy":"post_tag","embeddable":true,"href":"https:\/\/agora.xtec.cat\/zer-pedrera\/wp-json\/wp\/v2\/tags?post=5917"}],"curies":[{"name":"wp","href":"https:\/\/api.w.org\/{rel}","templated":true}]}}