{"id":5912,"date":"2022-06-20T13:37:13","date_gmt":"2022-06-20T11:37:13","guid":{"rendered":"https:\/\/agora.xtec.cat\/zer-pedrera\/?p=5912"},"modified":"2022-06-20T13:37:13","modified_gmt":"2022-06-20T11:37:13","slug":"ultim-dia-a-lescola-porcel-de-cervera-22-06","status":"publish","type":"post","link":"https:\/\/agora.xtec.cat\/zer-pedrera\/general\/ultim-dia-a-lescola-porcel-de-cervera-22-06\/","title":{"rendered":"\u00daltim dia a l&#8217;Escola Porcel de Cervera. 22-06"},"content":{"rendered":"<p>Arribar al final mai no \u00e9s f\u00e0cil. Sovint el cam\u00ed t\u00e9 obstacles i entrebancs. Per\u00f2, alhora, ple de satisfaccions i sorpreses.<\/p>\n<p>Durant aquest curs\u00a0 hem comprovat que entre tots, fem la feina m\u00e9s f\u00e0cil. Mirem enrere i pensem que segurament ho podr\u00edem haver fet millor, o diferent\u2026; per\u00f2 tots junts hem fet pinya, i ho hem aconseguit.<\/p>\n<p>En aquests mesos, hem carregat la nostra motxilla d\u2019aprenentatges. I no nom\u00e9s amb Reflexions, Tutories, Campanyes i Celebracions, sin\u00f3 que tamb\u00e9 hem innovat els m\u00e8todes, formes i els resultats ens han enriquit i ens han fet cr\u00e9ixer com a persones.<\/p>\n<p>Per aix\u00f2 volem fer d&#8217;aquest \u00faltim dia un dia per recordar que satisfaci a totes les nenes i tots els nens i, a la vegada, que vegin reconegut l\u2019esfor\u00e7 fet al llarg de tot el curs.<\/p>\n<p>Us deixem el cartell de la programaci\u00f3. Esteu totes i tots invitats.<\/p>\n<p>&nbsp;<\/p>\n<p><a href=\"https:\/\/agora.xtec.cat\/zer-pedrera\/wp-content\/uploads\/usu1473\/2022\/06\/Cartel-y-programa-fiesta-mayor-amarillo-y-colorido-1.jpg\"><img loading=\"lazy\" decoding=\"async\" class=\"wp-image-5913 aligncenter\" src=\"https:\/\/agora.xtec.cat\/zer-pedrera\/wp-content\/uploads\/usu1473\/2022\/06\/Cartel-y-programa-fiesta-mayor-amarillo-y-colorido-1-724x1024.jpg\" alt=\"\" width=\"582\" height=\"823\" \/><\/a><\/p>\n","protected":false},"excerpt":{"rendered":"<p>Arribar al final mai no \u00e9s f\u00e0cil. Sovint el cam\u00ed t\u00e9 obstacles i entrebancs. Per\u00f2, alhora, ple de satisfaccions i sorpreses.<br \/>\nDurant aquest curs\u00a0 hem comprovat que entre tots, fem la feina m\u00e9s f\u00e0cil. Mirem enrere i pensem que segurament ho podr\u00edem haver fet millor, o&hellip;  <a href=\"https:\/\/agora.xtec.cat\/zer-pedrera\/general\/ultim-dia-a-lescola-porcel-de-cervera-22-06\/\" title=\"Read \u00daltim dia a l&#8217;Escola Porcel de Cervera. 22-06\">Llegeix m\u00e9s\u00bb<\/a><\/p>\n","protected":false},"author":1,"featured_media":5913,"comment_status":"open","ping_status":"closed","sticky":false,"template":"","format":"standard","meta":{"_bbp_topic_count":0,"_bbp_reply_count":0,"_bbp_total_topic_count":0,"_bbp_total_reply_count":0,"_bbp_voice_count":0,"_bbp_anonymous_reply_count":0,"_bbp_topic_count_hidden":0,"_bbp_reply_count_hidden":0,"_bbp_forum_subforum_count":0,"footnotes":""},"categories":[111,1,29,89],"tags":[],"class_list":["post-5912","post","type-post","status-publish","format-standard","has-post-thumbnail","hentry","category-escola-porcel-de-cervera","category-general","category-portada","category-primaria"],"post_mailing_queue_ids":[],"_links":{"self":[{"href":"https:\/\/agora.xtec.cat\/zer-pedrera\/wp-json\/wp\/v2\/posts\/5912","targetHints":{"allow":["GET"]}}],"collection":[{"href":"https:\/\/agora.xtec.cat\/zer-pedrera\/wp-json\/wp\/v2\/posts"}],"about":[{"href":"https:\/\/agora.xtec.cat\/zer-pedrera\/wp-json\/wp\/v2\/types\/post"}],"author":[{"embeddable":true,"href":"https:\/\/agora.xtec.cat\/zer-pedrera\/wp-json\/wp\/v2\/users\/1"}],"replies":[{"embeddable":true,"href":"https:\/\/agora.xtec.cat\/zer-pedrera\/wp-json\/wp\/v2\/comments?post=5912"}],"version-history":[{"count":1,"href":"https:\/\/agora.xtec.cat\/zer-pedrera\/wp-json\/wp\/v2\/posts\/5912\/revisions"}],"predecessor-version":[{"id":5914,"href":"https:\/\/agora.xtec.cat\/zer-pedrera\/wp-json\/wp\/v2\/posts\/5912\/revisions\/5914"}],"wp:featuredmedia":[{"embeddable":true,"href":"https:\/\/agora.xtec.cat\/zer-pedrera\/wp-json\/wp\/v2\/media\/5913"}],"wp:attachment":[{"href":"https:\/\/agora.xtec.cat\/zer-pedrera\/wp-json\/wp\/v2\/media?parent=5912"}],"wp:term":[{"taxonomy":"category","embeddable":true,"href":"https:\/\/agora.xtec.cat\/zer-pedrera\/wp-json\/wp\/v2\/categories?post=5912"},{"taxonomy":"post_tag","embeddable":true,"href":"https:\/\/agora.xtec.cat\/zer-pedrera\/wp-json\/wp\/v2\/tags?post=5912"}],"curies":[{"name":"wp","href":"https:\/\/api.w.org\/{rel}","templated":true}]}}