{"id":5906,"date":"2022-06-20T11:13:25","date_gmt":"2022-06-20T09:13:25","guid":{"rendered":"https:\/\/agora.xtec.cat\/zer-pedrera\/?p=5906"},"modified":"2022-06-20T11:13:25","modified_gmt":"2022-06-20T09:13:25","slug":"lultim-dia-de-curs-a-lescola-abat-ruera","status":"publish","type":"post","link":"https:\/\/agora.xtec.cat\/zer-pedrera\/general\/lultim-dia-de-curs-a-lescola-abat-ruera\/","title":{"rendered":"L&#8217;\u00faltim dia de curs a l&#8217;escola Abat Ruera"},"content":{"rendered":"<p>Benvolguda comunitat educativa,<\/p>\n<p>Sense adonar-nos-en ens hem plantat a l&#8217;\u00faltim dia del curs. Tot i que ho hem celebrat dall\u00f2 m\u00e9s b\u00e9 a la trobada de la ZER, \u00e9s de precepte que l&#8217;\u00faltim dia sigui ben especial. Per tant, hem preparat una programaci\u00f3 que satisfaci a totes les nenes i tots els nens i, a la vegada, que vegin reconegut l&#8217;esfor\u00e7 fet al llarg de tot el curs.<\/p>\n<p>La cerim\u00f2nia de comiat que es realitzar\u00e0 a la sala cultural a partir de les 11.30h, estar\u00e0 oberta a tota la comunitat educativa.<\/p>\n<p>Us la perdreu?<\/p>\n<p>&nbsp;<\/p>\n<p><a href=\"https:\/\/agora.xtec.cat\/zer-pedrera\/wp-content\/uploads\/usu1473\/2022\/06\/Blue-Ocean-Water-Summer-Your-Story.png\"><img loading=\"lazy\" decoding=\"async\" class=\"alignnone size-large wp-image-5907\" src=\"https:\/\/agora.xtec.cat\/zer-pedrera\/wp-content\/uploads\/usu1473\/2022\/06\/Blue-Ocean-Water-Summer-Your-Story-576x1024.png\" alt=\"\" width=\"576\" height=\"1024\" srcset=\"https:\/\/agora.xtec.cat\/zer-pedrera\/wp-content\/uploads\/usu1473\/2022\/06\/Blue-Ocean-Water-Summer-Your-Story-576x1024.png 576w, https:\/\/agora.xtec.cat\/zer-pedrera\/wp-content\/uploads\/usu1473\/2022\/06\/Blue-Ocean-Water-Summer-Your-Story-169x300.png 169w, https:\/\/agora.xtec.cat\/zer-pedrera\/wp-content\/uploads\/usu1473\/2022\/06\/Blue-Ocean-Water-Summer-Your-Story-768x1365.png 768w, https:\/\/agora.xtec.cat\/zer-pedrera\/wp-content\/uploads\/usu1473\/2022\/06\/Blue-Ocean-Water-Summer-Your-Story-864x1536.png 864w, https:\/\/agora.xtec.cat\/zer-pedrera\/wp-content\/uploads\/usu1473\/2022\/06\/Blue-Ocean-Water-Summer-Your-Story.png 1080w\" sizes=\"auto, (max-width: 576px) 100vw, 576px\" \/><\/a><\/p>\n","protected":false},"excerpt":{"rendered":"<p>Benvolguda comunitat educativa,<br \/>\nSense adonar-nos-en ens hem plantat a l&#8217;\u00faltim dia del curs. Tot i que ho hem celebrat dall\u00f2 m\u00e9s b\u00e9 a la trobada de la ZER, \u00e9s de precepte que l&#8217;\u00faltim dia sigui ben especial. Per tant, hem preparat una programaci\u00f3 que satisfaci a&hellip;  <a href=\"https:\/\/agora.xtec.cat\/zer-pedrera\/general\/lultim-dia-de-curs-a-lescola-abat-ruera\/\" title=\"Read L&#8217;\u00faltim dia de curs a l&#8217;escola Abat Ruera\">Llegeix m\u00e9s\u00bb<\/a><\/p>\n","protected":false},"author":1,"featured_media":5907,"comment_status":"open","ping_status":"closed","sticky":false,"template":"","format":"standard","meta":{"_bbp_topic_count":0,"_bbp_reply_count":0,"_bbp_total_topic_count":0,"_bbp_total_reply_count":0,"_bbp_voice_count":0,"_bbp_anonymous_reply_count":0,"_bbp_topic_count_hidden":0,"_bbp_reply_count_hidden":0,"_bbp_forum_subforum_count":0,"footnotes":""},"categories":[113,110,1,29,89],"tags":[],"class_list":["post-5906","post","type-post","status-publish","format-standard","has-post-thumbnail","hentry","category-e-infantil","category-escola-abat-ruera","category-general","category-portada","category-primaria"],"post_mailing_queue_ids":[],"_links":{"self":[{"href":"https:\/\/agora.xtec.cat\/zer-pedrera\/wp-json\/wp\/v2\/posts\/5906","targetHints":{"allow":["GET"]}}],"collection":[{"href":"https:\/\/agora.xtec.cat\/zer-pedrera\/wp-json\/wp\/v2\/posts"}],"about":[{"href":"https:\/\/agora.xtec.cat\/zer-pedrera\/wp-json\/wp\/v2\/types\/post"}],"author":[{"embeddable":true,"href":"https:\/\/agora.xtec.cat\/zer-pedrera\/wp-json\/wp\/v2\/users\/1"}],"replies":[{"embeddable":true,"href":"https:\/\/agora.xtec.cat\/zer-pedrera\/wp-json\/wp\/v2\/comments?post=5906"}],"version-history":[{"count":1,"href":"https:\/\/agora.xtec.cat\/zer-pedrera\/wp-json\/wp\/v2\/posts\/5906\/revisions"}],"predecessor-version":[{"id":5908,"href":"https:\/\/agora.xtec.cat\/zer-pedrera\/wp-json\/wp\/v2\/posts\/5906\/revisions\/5908"}],"wp:featuredmedia":[{"embeddable":true,"href":"https:\/\/agora.xtec.cat\/zer-pedrera\/wp-json\/wp\/v2\/media\/5907"}],"wp:attachment":[{"href":"https:\/\/agora.xtec.cat\/zer-pedrera\/wp-json\/wp\/v2\/media?parent=5906"}],"wp:term":[{"taxonomy":"category","embeddable":true,"href":"https:\/\/agora.xtec.cat\/zer-pedrera\/wp-json\/wp\/v2\/categories?post=5906"},{"taxonomy":"post_tag","embeddable":true,"href":"https:\/\/agora.xtec.cat\/zer-pedrera\/wp-json\/wp\/v2\/tags?post=5906"}],"curies":[{"name":"wp","href":"https:\/\/api.w.org\/{rel}","templated":true}]}}