{"id":5901,"date":"2022-06-19T18:17:09","date_gmt":"2022-06-19T16:17:09","guid":{"rendered":"https:\/\/agora.xtec.cat\/zer-pedrera\/?p=5901"},"modified":"2022-06-19T18:17:09","modified_gmt":"2022-06-19T16:17:09","slug":"cm-i-cs-de-lescola-abat-ruera-matematiques-i-agricultura","status":"publish","type":"post","link":"https:\/\/agora.xtec.cat\/zer-pedrera\/general\/cm-i-cs-de-lescola-abat-ruera-matematiques-i-agricultura\/","title":{"rendered":"CM i CS de l&#8217;escola Abat Ruera. Matem\u00e0tiques i agricultura"},"content":{"rendered":"<p>Aquest dijous el Jordi Capdevila ha vingut a l&#8217;escola per fer-nos una xerrada relacionada amb els continguts treballats en la sisena hora de matem\u00e0tiques funcionals. L&#8217;objectiu principal del taller ha estat que els alumnes s&#8217;adonessin que qualsevol contingut matem\u00e0tic es pot aplicar a la vida di\u00e0ria, en aquest cas en el m\u00f3n de l&#8217;agricultura.<br \/>\nPer veure m\u00e9s fotografies clicar damunt de la imatge.<\/p>\n<p style=\"text-align: center;\"><a href=\"https:\/\/photos.app.goo.gl\/ZDC2YSQVrPqdxY7CA\" target=\"_blank\" rel=\"noopener\"><img loading=\"lazy\" decoding=\"async\" class=\"alignnone size-medium wp-image-5902\" src=\"https:\/\/agora.xtec.cat\/zer-pedrera\/wp-content\/uploads\/usu1473\/2022\/06\/1655621809654-300x225.jpg\" alt=\"\" width=\"300\" height=\"225\" srcset=\"https:\/\/agora.xtec.cat\/zer-pedrera\/wp-content\/uploads\/usu1473\/2022\/06\/1655621809654-300x225.jpg 300w, https:\/\/agora.xtec.cat\/zer-pedrera\/wp-content\/uploads\/usu1473\/2022\/06\/1655621809654-200x150.jpg 200w, https:\/\/agora.xtec.cat\/zer-pedrera\/wp-content\/uploads\/usu1473\/2022\/06\/1655621809654.jpg 591w\" sizes=\"auto, (max-width: 300px) 100vw, 300px\" \/><\/a><\/p>\n","protected":false},"excerpt":{"rendered":"<p>Aquest dijous el Jordi Capdevila ha vingut a l&#8217;escola per fer-nos una xerrada relacionada amb els continguts treballats en la sisena hora de matem\u00e0tiques funcionals. L&#8217;objectiu principal del taller ha estat que els alumnes s&#8217;adonessin que qualsevol contingut matem\u00e0tic es pot aplicar a la vida&hellip;  <a href=\"https:\/\/agora.xtec.cat\/zer-pedrera\/general\/cm-i-cs-de-lescola-abat-ruera-matematiques-i-agricultura\/\" title=\"Read CM i CS de l&#8217;escola Abat Ruera. Matem\u00e0tiques i agricultura\">Llegeix m\u00e9s\u00bb<\/a><\/p>\n","protected":false},"author":1,"featured_media":5902,"comment_status":"open","ping_status":"closed","sticky":false,"template":"","format":"standard","meta":{"_bbp_topic_count":0,"_bbp_reply_count":0,"_bbp_total_topic_count":0,"_bbp_total_reply_count":0,"_bbp_voice_count":0,"_bbp_anonymous_reply_count":0,"_bbp_topic_count_hidden":0,"_bbp_reply_count_hidden":0,"_bbp_forum_subforum_count":0,"footnotes":""},"categories":[110,1,126,29,89,120],"tags":[],"class_list":["post-5901","post","type-post","status-publish","format-standard","has-post-thumbnail","hentry","category-escola-abat-ruera","category-general","category-matematiques","category-portada","category-primaria","category-projectes"],"post_mailing_queue_ids":[],"_links":{"self":[{"href":"https:\/\/agora.xtec.cat\/zer-pedrera\/wp-json\/wp\/v2\/posts\/5901","targetHints":{"allow":["GET"]}}],"collection":[{"href":"https:\/\/agora.xtec.cat\/zer-pedrera\/wp-json\/wp\/v2\/posts"}],"about":[{"href":"https:\/\/agora.xtec.cat\/zer-pedrera\/wp-json\/wp\/v2\/types\/post"}],"author":[{"embeddable":true,"href":"https:\/\/agora.xtec.cat\/zer-pedrera\/wp-json\/wp\/v2\/users\/1"}],"replies":[{"embeddable":true,"href":"https:\/\/agora.xtec.cat\/zer-pedrera\/wp-json\/wp\/v2\/comments?post=5901"}],"version-history":[{"count":1,"href":"https:\/\/agora.xtec.cat\/zer-pedrera\/wp-json\/wp\/v2\/posts\/5901\/revisions"}],"predecessor-version":[{"id":5903,"href":"https:\/\/agora.xtec.cat\/zer-pedrera\/wp-json\/wp\/v2\/posts\/5901\/revisions\/5903"}],"wp:featuredmedia":[{"embeddable":true,"href":"https:\/\/agora.xtec.cat\/zer-pedrera\/wp-json\/wp\/v2\/media\/5902"}],"wp:attachment":[{"href":"https:\/\/agora.xtec.cat\/zer-pedrera\/wp-json\/wp\/v2\/media?parent=5901"}],"wp:term":[{"taxonomy":"category","embeddable":true,"href":"https:\/\/agora.xtec.cat\/zer-pedrera\/wp-json\/wp\/v2\/categories?post=5901"},{"taxonomy":"post_tag","embeddable":true,"href":"https:\/\/agora.xtec.cat\/zer-pedrera\/wp-json\/wp\/v2\/tags?post=5901"}],"curies":[{"name":"wp","href":"https:\/\/api.w.org\/{rel}","templated":true}]}}