{"id":5877,"date":"2022-06-13T17:25:28","date_gmt":"2022-06-13T15:25:28","guid":{"rendered":"https:\/\/agora.xtec.cat\/zer-pedrera\/?p=5877"},"modified":"2022-06-13T17:30:36","modified_gmt":"2022-06-13T15:30:36","slug":"final-de-curs-del-bibliobus-porcel-de-cervera","status":"publish","type":"post","link":"https:\/\/agora.xtec.cat\/zer-pedrera\/general\/final-de-curs-del-bibliobus-porcel-de-cervera\/","title":{"rendered":"Final de curs del Bibliob\u00fas. Porcel de Cervera."},"content":{"rendered":"<p>Aquest mat\u00ed, i com a cloenda del curs, el Bibliob\u00fas ens ha obsequiat amb una sessi\u00f3 de contacontes amb la Sandra Rossi.<\/p>\n<p>N&#8217;hem fet dues sessions per separat, una pels nens i nenes de la classe dels petits i una altra per a la classe dels grans. Les hist\u00f2ries que ens ha explicat la Sandra han captivat a l&#8217;alumnat, que han seguit la narraci\u00f3 expectants i participant en tot moment.<\/p>\n<p>El conte dels petits narrava la hist\u00f2ria d&#8217;un elefantet molt curi\u00f3s, que volia descobrir qu\u00e8 menjaven els cocodrils, mentre \u00a0que el conte dels grans explicava un enamorament en terres argentines de fa uns quants anys.<\/p>\n<p>Els nens i les nenes han gaudit molt!!!!<\/p>\n<p>Despr\u00e9s, un cop m\u00e9s, hem anat al bibliob\u00fas a retornar els contes que ja hav\u00edem llegit i n&#8217;hem agafat de nous per gaudir aquest estiu. Ara ja, fins el curs vinent.<\/p>\n<p>Moltes gr\u00e0cies al Bibliob\u00fas Garrigues Segri\u00e0 per aquesta activitat!!!!<\/p>\n<p>&nbsp;<\/p>\n<p>Si en voleu veure algunes imatges cliqueu en l&#8217;emoticona.<a href=\"https:\/\/photos.app.goo.gl\/b1PGH4YrTqqPKZUn6\">\ud83d\udcda<\/a><\/p>\n<p style=\"text-align: center;\"><img decoding=\"async\" src=\"https:\/\/agora.xtec.cat\/zer-pedrera\/wp-content\/uploads\/usu1473\/2021\/10\/100.jpg\" \/><\/p>\n<p>&nbsp;<\/p>\n","protected":false},"excerpt":{"rendered":"<p>Aquest mat\u00ed, i com a cloenda del curs, el Bibliob\u00fas ens ha obsequiat amb una sessi\u00f3 de contacontes amb la Sandra Rossi.<br \/>\nN&#8217;hem fet dues sessions per separat, una pels nens i nenes de la classe dels petits i una altra per a la classe dels&hellip;  <a href=\"https:\/\/agora.xtec.cat\/zer-pedrera\/general\/final-de-curs-del-bibliobus-porcel-de-cervera\/\" title=\"Read Final de curs del Bibliob\u00fas. Porcel de Cervera.\">Llegeix m\u00e9s\u00bb<\/a><\/p>\n","protected":false},"author":1,"featured_media":5878,"comment_status":"open","ping_status":"closed","sticky":false,"template":"","format":"standard","meta":{"_bbp_topic_count":0,"_bbp_reply_count":0,"_bbp_total_topic_count":0,"_bbp_total_reply_count":0,"_bbp_voice_count":0,"_bbp_anonymous_reply_count":0,"_bbp_topic_count_hidden":0,"_bbp_reply_count_hidden":0,"_bbp_forum_subforum_count":0,"footnotes":""},"categories":[113,111,1,29,89],"tags":[],"class_list":["post-5877","post","type-post","status-publish","format-standard","has-post-thumbnail","hentry","category-e-infantil","category-escola-porcel-de-cervera","category-general","category-portada","category-primaria"],"post_mailing_queue_ids":[],"_links":{"self":[{"href":"https:\/\/agora.xtec.cat\/zer-pedrera\/wp-json\/wp\/v2\/posts\/5877","targetHints":{"allow":["GET"]}}],"collection":[{"href":"https:\/\/agora.xtec.cat\/zer-pedrera\/wp-json\/wp\/v2\/posts"}],"about":[{"href":"https:\/\/agora.xtec.cat\/zer-pedrera\/wp-json\/wp\/v2\/types\/post"}],"author":[{"embeddable":true,"href":"https:\/\/agora.xtec.cat\/zer-pedrera\/wp-json\/wp\/v2\/users\/1"}],"replies":[{"embeddable":true,"href":"https:\/\/agora.xtec.cat\/zer-pedrera\/wp-json\/wp\/v2\/comments?post=5877"}],"version-history":[{"count":3,"href":"https:\/\/agora.xtec.cat\/zer-pedrera\/wp-json\/wp\/v2\/posts\/5877\/revisions"}],"predecessor-version":[{"id":5883,"href":"https:\/\/agora.xtec.cat\/zer-pedrera\/wp-json\/wp\/v2\/posts\/5877\/revisions\/5883"}],"wp:featuredmedia":[{"embeddable":true,"href":"https:\/\/agora.xtec.cat\/zer-pedrera\/wp-json\/wp\/v2\/media\/5878"}],"wp:attachment":[{"href":"https:\/\/agora.xtec.cat\/zer-pedrera\/wp-json\/wp\/v2\/media?parent=5877"}],"wp:term":[{"taxonomy":"category","embeddable":true,"href":"https:\/\/agora.xtec.cat\/zer-pedrera\/wp-json\/wp\/v2\/categories?post=5877"},{"taxonomy":"post_tag","embeddable":true,"href":"https:\/\/agora.xtec.cat\/zer-pedrera\/wp-json\/wp\/v2\/tags?post=5877"}],"curies":[{"name":"wp","href":"https:\/\/api.w.org\/{rel}","templated":true}]}}