{"id":5873,"date":"2022-06-12T23:24:02","date_gmt":"2022-06-12T21:24:02","guid":{"rendered":"https:\/\/agora.xtec.cat\/zer-pedrera\/?p=5873"},"modified":"2022-06-12T23:24:12","modified_gmt":"2022-06-12T21:24:12","slug":"pintem-i-mengem-peixets-de-galeta-ei-i-ci-porcel-de-cervera","status":"publish","type":"post","link":"https:\/\/agora.xtec.cat\/zer-pedrera\/portada\/pintem-i-mengem-peixets-de-galeta-ei-i-ci-porcel-de-cervera\/","title":{"rendered":"Pintem i mengem peixets de galeta. EI i CI Porcel de Cervera."},"content":{"rendered":"<p>Aquest mat\u00ed, a la classe dels petits, hem pintat peixets de galeta. La veritat \u00e9s que no us sabria dir quants n&#8217;han menjat i quants n&#8217;han pintat, jo crec que n&#8217;han menjat m\u00e9s que no pas n&#8217;han pintat!!!!\ud83d\ude02\ud83d\ude02\ud83d\ude02<\/p>\n<p>S&#8217;ha de dir que era prop de l&#8217;hora de dinar i que ja ten\u00edem molta gana!!!!<\/p>\n<p>I us preguntareu: per a qu\u00e8 s\u00f3n els peixets? Doncs s\u00f3n per a la tapa de l&#8217;\u00e0lbum.<\/p>\n<p>Per a veure&#8217;n el resultat, encara haureu d&#8217;esperar uns dies, per\u00f2 crec que us agradar\u00e0 .<\/p>\n<p>Voleu veure com ho vam fer? Doncs cliqueu damunt del peixet.<a href=\"https:\/\/photos.app.goo.gl\/Ux1azJsKQQgsjJyV8\">\ud83d\udc1f<\/a><\/p>\n<p style=\"text-align: center;\"><a href=\"https:\/\/agora.xtec.cat\/zer-pedrera\/wp-content\/uploads\/usu1473\/2022\/06\/1-1.jpg\"><img loading=\"lazy\" decoding=\"async\" class=\"alignnone size-medium wp-image-5874\" src=\"https:\/\/agora.xtec.cat\/zer-pedrera\/wp-content\/uploads\/usu1473\/2022\/06\/1-1-300x169.jpg\" alt=\"\" width=\"300\" height=\"169\" srcset=\"https:\/\/agora.xtec.cat\/zer-pedrera\/wp-content\/uploads\/usu1473\/2022\/06\/1-1-300x169.jpg 300w, https:\/\/agora.xtec.cat\/zer-pedrera\/wp-content\/uploads\/usu1473\/2022\/06\/1-1.jpg 682w\" sizes=\"auto, (max-width: 300px) 100vw, 300px\" \/><\/a><\/p>\n","protected":false},"excerpt":{"rendered":"<p>Aquest mat\u00ed, a la classe dels petits, hem pintat peixets de galeta. La veritat \u00e9s que no us sabria dir quants n&#8217;han menjat i quants n&#8217;han pintat, jo crec que n&#8217;han menjat m\u00e9s que no pas n&#8217;han pintat!!!!\ud83d\ude02\ud83d\ude02\ud83d\ude02<br \/>\nS&#8217;ha de dir que era prop de l&#8217;hora&hellip;  <a href=\"https:\/\/agora.xtec.cat\/zer-pedrera\/portada\/pintem-i-mengem-peixets-de-galeta-ei-i-ci-porcel-de-cervera\/\" title=\"Read Pintem i mengem peixets de galeta. EI i CI Porcel de Cervera.\">Llegeix m\u00e9s\u00bb<\/a><\/p>\n","protected":false},"author":1,"featured_media":5874,"comment_status":"open","ping_status":"closed","sticky":false,"template":"","format":"standard","meta":{"_bbp_topic_count":0,"_bbp_reply_count":0,"_bbp_total_topic_count":0,"_bbp_total_reply_count":0,"_bbp_voice_count":0,"_bbp_anonymous_reply_count":0,"_bbp_topic_count_hidden":0,"_bbp_reply_count_hidden":0,"_bbp_forum_subforum_count":0,"footnotes":""},"categories":[113,111,119,29,89],"tags":[],"class_list":["post-5873","post","type-post","status-publish","format-standard","has-post-thumbnail","hentry","category-e-infantil","category-escola-porcel-de-cervera","category-plastica","category-portada","category-primaria"],"post_mailing_queue_ids":[],"_links":{"self":[{"href":"https:\/\/agora.xtec.cat\/zer-pedrera\/wp-json\/wp\/v2\/posts\/5873","targetHints":{"allow":["GET"]}}],"collection":[{"href":"https:\/\/agora.xtec.cat\/zer-pedrera\/wp-json\/wp\/v2\/posts"}],"about":[{"href":"https:\/\/agora.xtec.cat\/zer-pedrera\/wp-json\/wp\/v2\/types\/post"}],"author":[{"embeddable":true,"href":"https:\/\/agora.xtec.cat\/zer-pedrera\/wp-json\/wp\/v2\/users\/1"}],"replies":[{"embeddable":true,"href":"https:\/\/agora.xtec.cat\/zer-pedrera\/wp-json\/wp\/v2\/comments?post=5873"}],"version-history":[{"count":2,"href":"https:\/\/agora.xtec.cat\/zer-pedrera\/wp-json\/wp\/v2\/posts\/5873\/revisions"}],"predecessor-version":[{"id":5876,"href":"https:\/\/agora.xtec.cat\/zer-pedrera\/wp-json\/wp\/v2\/posts\/5873\/revisions\/5876"}],"wp:featuredmedia":[{"embeddable":true,"href":"https:\/\/agora.xtec.cat\/zer-pedrera\/wp-json\/wp\/v2\/media\/5874"}],"wp:attachment":[{"href":"https:\/\/agora.xtec.cat\/zer-pedrera\/wp-json\/wp\/v2\/media?parent=5873"}],"wp:term":[{"taxonomy":"category","embeddable":true,"href":"https:\/\/agora.xtec.cat\/zer-pedrera\/wp-json\/wp\/v2\/categories?post=5873"},{"taxonomy":"post_tag","embeddable":true,"href":"https:\/\/agora.xtec.cat\/zer-pedrera\/wp-json\/wp\/v2\/tags?post=5873"}],"curies":[{"name":"wp","href":"https:\/\/api.w.org\/{rel}","templated":true}]}}