{"id":5865,"date":"2022-06-12T22:50:07","date_gmt":"2022-06-12T20:50:07","guid":{"rendered":"https:\/\/agora.xtec.cat\/zer-pedrera\/?p=5865"},"modified":"2022-06-12T22:50:07","modified_gmt":"2022-06-12T20:50:07","slug":"les-qualitats-dels-materials-ei-i-ci-porcel-de-cervera","status":"publish","type":"post","link":"https:\/\/agora.xtec.cat\/zer-pedrera\/portada\/les-qualitats-dels-materials-ei-i-ci-porcel-de-cervera\/","title":{"rendered":"Les qualitats dels materials. EI i CI Porcel de Cervera."},"content":{"rendered":"<p>Aquests dies a la classe estem treballant els materials dels quals estan fets els objectes, i d&#8217;on provenen. En la darrera sessi\u00f3, hem comen\u00e7at a treballar-ne les qualitats, distingint entre els materials flexibles i els r\u00edgids. La sessi\u00f3 va fer-nos plantejar perqu\u00e8 s&#8217;utilitzen uns materials i no uns altres per a fabricar els objectes que ens envolten, i les reflexions dels infants van ser molt interessants.<\/p>\n<p>Si en voleu veure unes imatges cliqueu <a href=\"https:\/\/photos.app.goo.gl\/vakHc9xAgUjH2VEt5\">AQU\u00cd<\/a>.<\/p>\n<p style=\"text-align: center;\"><a href=\"https:\/\/agora.xtec.cat\/zer-pedrera\/wp-content\/uploads\/usu1473\/2022\/06\/1.jpg\"><img loading=\"lazy\" decoding=\"async\" class=\"alignnone size-medium wp-image-5866\" src=\"https:\/\/agora.xtec.cat\/zer-pedrera\/wp-content\/uploads\/usu1473\/2022\/06\/1-300x169.jpg\" alt=\"\" width=\"300\" height=\"169\" srcset=\"https:\/\/agora.xtec.cat\/zer-pedrera\/wp-content\/uploads\/usu1473\/2022\/06\/1-300x169.jpg 300w, https:\/\/agora.xtec.cat\/zer-pedrera\/wp-content\/uploads\/usu1473\/2022\/06\/1.jpg 682w\" sizes=\"auto, (max-width: 300px) 100vw, 300px\" \/><\/a><\/p>\n","protected":false},"excerpt":{"rendered":"<p>Aquests dies a la classe estem treballant els materials dels quals estan fets els objectes, i d&#8217;on provenen. En la darrera sessi\u00f3, hem comen\u00e7at a treballar-ne les qualitats, distingint entre els materials flexibles i els r\u00edgids. La sessi\u00f3 va fer-nos plantejar perqu\u00e8 s&#8217;utilitzen uns materials&hellip;  <a href=\"https:\/\/agora.xtec.cat\/zer-pedrera\/portada\/les-qualitats-dels-materials-ei-i-ci-porcel-de-cervera\/\" title=\"Read Les qualitats dels materials. EI i CI Porcel de Cervera.\">Llegeix m\u00e9s\u00bb<\/a><\/p>\n","protected":false},"author":1,"featured_media":5866,"comment_status":"open","ping_status":"closed","sticky":false,"template":"","format":"standard","meta":{"_bbp_topic_count":0,"_bbp_reply_count":0,"_bbp_total_topic_count":0,"_bbp_total_reply_count":0,"_bbp_voice_count":0,"_bbp_anonymous_reply_count":0,"_bbp_topic_count_hidden":0,"_bbp_reply_count_hidden":0,"_bbp_forum_subforum_count":0,"footnotes":""},"categories":[113,111,29,89],"tags":[],"class_list":["post-5865","post","type-post","status-publish","format-standard","has-post-thumbnail","hentry","category-e-infantil","category-escola-porcel-de-cervera","category-portada","category-primaria"],"post_mailing_queue_ids":[],"_links":{"self":[{"href":"https:\/\/agora.xtec.cat\/zer-pedrera\/wp-json\/wp\/v2\/posts\/5865","targetHints":{"allow":["GET"]}}],"collection":[{"href":"https:\/\/agora.xtec.cat\/zer-pedrera\/wp-json\/wp\/v2\/posts"}],"about":[{"href":"https:\/\/agora.xtec.cat\/zer-pedrera\/wp-json\/wp\/v2\/types\/post"}],"author":[{"embeddable":true,"href":"https:\/\/agora.xtec.cat\/zer-pedrera\/wp-json\/wp\/v2\/users\/1"}],"replies":[{"embeddable":true,"href":"https:\/\/agora.xtec.cat\/zer-pedrera\/wp-json\/wp\/v2\/comments?post=5865"}],"version-history":[{"count":1,"href":"https:\/\/agora.xtec.cat\/zer-pedrera\/wp-json\/wp\/v2\/posts\/5865\/revisions"}],"predecessor-version":[{"id":5867,"href":"https:\/\/agora.xtec.cat\/zer-pedrera\/wp-json\/wp\/v2\/posts\/5865\/revisions\/5867"}],"wp:featuredmedia":[{"embeddable":true,"href":"https:\/\/agora.xtec.cat\/zer-pedrera\/wp-json\/wp\/v2\/media\/5866"}],"wp:attachment":[{"href":"https:\/\/agora.xtec.cat\/zer-pedrera\/wp-json\/wp\/v2\/media?parent=5865"}],"wp:term":[{"taxonomy":"category","embeddable":true,"href":"https:\/\/agora.xtec.cat\/zer-pedrera\/wp-json\/wp\/v2\/categories?post=5865"},{"taxonomy":"post_tag","embeddable":true,"href":"https:\/\/agora.xtec.cat\/zer-pedrera\/wp-json\/wp\/v2\/tags?post=5865"}],"curies":[{"name":"wp","href":"https:\/\/api.w.org\/{rel}","templated":true}]}}