{"id":5861,"date":"2022-06-12T11:59:15","date_gmt":"2022-06-12T09:59:15","guid":{"rendered":"https:\/\/agora.xtec.cat\/zer-pedrera\/?p=5861"},"modified":"2022-06-19T17:47:20","modified_gmt":"2022-06-19T15:47:20","slug":"ei-de-lescola-abat-ruera-fem-bombolles","status":"publish","type":"post","link":"https:\/\/agora.xtec.cat\/zer-pedrera\/general\/ei-de-lescola-abat-ruera-fem-bombolles\/","title":{"rendered":"EI de l&#8217;escola Abat Ruera. Fem bombolles"},"content":{"rendered":"<p>Buf i respiraci\u00f3 van lligats. Respirar correctament \u00e9s imprescindible per viure, per\u00f2 tamb\u00e9 per parlar. Sense un control del buf i de la respiraci\u00f3, la parla no ser\u00e0 correcta i pot presentar dificultats. Tamb\u00e9 \u00e9s imprescindible per a controlar la veu quan es canta. Treballar el buf ens ajudar\u00e0 a entrenar i millorar molts aspectes. Fent bombolles de sab\u00f3 ens ho hem passat molt, per\u00f2 calia controlar la intensitat i durada del buf o no sortien!!! Malgrat que el ventet que feia se les emportava, ens ho hem passat molt b\u00e9!!!<br \/>\nPer veure m\u00e9s imatges clicar damunt la imatge.<\/p>\n<p style=\"text-align: center;\"><a href=\"https:\/\/agora.xtec.cat\/zer-pedrera\/wp-content\/uploads\/usu1473\/2022\/06\/1654863819378-1.jpg\"><img loading=\"lazy\" decoding=\"async\" class=\"alignnone size-medium wp-image-5891\" src=\"https:\/\/agora.xtec.cat\/zer-pedrera\/wp-content\/uploads\/usu1473\/2022\/06\/1654863819378-1-300x225.jpg\" alt=\"\" width=\"300\" height=\"225\" srcset=\"https:\/\/agora.xtec.cat\/zer-pedrera\/wp-content\/uploads\/usu1473\/2022\/06\/1654863819378-1-300x225.jpg 300w, https:\/\/agora.xtec.cat\/zer-pedrera\/wp-content\/uploads\/usu1473\/2022\/06\/1654863819378-1-200x150.jpg 200w, https:\/\/agora.xtec.cat\/zer-pedrera\/wp-content\/uploads\/usu1473\/2022\/06\/1654863819378-1.jpg 591w\" sizes=\"auto, (max-width: 300px) 100vw, 300px\" \/><\/a><\/p>\n","protected":false},"excerpt":{"rendered":"<p>Buf i respiraci\u00f3 van lligats. Respirar correctament \u00e9s imprescindible per viure, per\u00f2 tamb\u00e9 per parlar. Sense un control del buf i de la respiraci\u00f3, la parla no ser\u00e0 correcta i pot presentar dificultats. Tamb\u00e9 \u00e9s imprescindible per a controlar la veu quan es canta. Treballar&hellip;  <a href=\"https:\/\/agora.xtec.cat\/zer-pedrera\/general\/ei-de-lescola-abat-ruera-fem-bombolles\/\" title=\"Read EI de l&#8217;escola Abat Ruera. Fem bombolles\">Llegeix m\u00e9s\u00bb<\/a><\/p>\n","protected":false},"author":1,"featured_media":5891,"comment_status":"open","ping_status":"closed","sticky":false,"template":"","format":"standard","meta":{"_bbp_topic_count":0,"_bbp_reply_count":0,"_bbp_total_topic_count":0,"_bbp_total_reply_count":0,"_bbp_voice_count":0,"_bbp_anonymous_reply_count":0,"_bbp_topic_count_hidden":0,"_bbp_reply_count_hidden":0,"_bbp_forum_subforum_count":0,"footnotes":""},"categories":[113,110,1,29,120],"tags":[],"class_list":["post-5861","post","type-post","status-publish","format-standard","has-post-thumbnail","hentry","category-e-infantil","category-escola-abat-ruera","category-general","category-portada","category-projectes"],"post_mailing_queue_ids":[],"_links":{"self":[{"href":"https:\/\/agora.xtec.cat\/zer-pedrera\/wp-json\/wp\/v2\/posts\/5861","targetHints":{"allow":["GET"]}}],"collection":[{"href":"https:\/\/agora.xtec.cat\/zer-pedrera\/wp-json\/wp\/v2\/posts"}],"about":[{"href":"https:\/\/agora.xtec.cat\/zer-pedrera\/wp-json\/wp\/v2\/types\/post"}],"author":[{"embeddable":true,"href":"https:\/\/agora.xtec.cat\/zer-pedrera\/wp-json\/wp\/v2\/users\/1"}],"replies":[{"embeddable":true,"href":"https:\/\/agora.xtec.cat\/zer-pedrera\/wp-json\/wp\/v2\/comments?post=5861"}],"version-history":[{"count":2,"href":"https:\/\/agora.xtec.cat\/zer-pedrera\/wp-json\/wp\/v2\/posts\/5861\/revisions"}],"predecessor-version":[{"id":5892,"href":"https:\/\/agora.xtec.cat\/zer-pedrera\/wp-json\/wp\/v2\/posts\/5861\/revisions\/5892"}],"wp:featuredmedia":[{"embeddable":true,"href":"https:\/\/agora.xtec.cat\/zer-pedrera\/wp-json\/wp\/v2\/media\/5891"}],"wp:attachment":[{"href":"https:\/\/agora.xtec.cat\/zer-pedrera\/wp-json\/wp\/v2\/media?parent=5861"}],"wp:term":[{"taxonomy":"category","embeddable":true,"href":"https:\/\/agora.xtec.cat\/zer-pedrera\/wp-json\/wp\/v2\/categories?post=5861"},{"taxonomy":"post_tag","embeddable":true,"href":"https:\/\/agora.xtec.cat\/zer-pedrera\/wp-json\/wp\/v2\/tags?post=5861"}],"curies":[{"name":"wp","href":"https:\/\/api.w.org\/{rel}","templated":true}]}}